{"id":136788,"date":"2025-11-02T17:31:10","date_gmt":"2025-11-02T17:31:10","guid":{"rendered":"https:\/\/www.europesays.com\/pt\/136788\/"},"modified":"2025-11-02T17:31:10","modified_gmt":"2025-11-02T17:31:10","slug":"cheiro-a-droga-no-carro-trama-jovem-que-acaba-detido-em-barcelos","status":"publish","type":"post","link":"https:\/\/www.europesays.com\/pt\/136788\/","title":{"rendered":"Cheiro a droga no carro trama jovem que acaba detido em Barcelos"},"content":{"rendered":"<p data-remotead-prev-elm=\"true\" data-remotead-elm-id=\"inread\">A deten\u00e7\u00e3o ocorreu durante uma a\u00e7\u00e3o de patrulhamento de rotina, quando os militares da GNR detetaram um ve\u00edculo suspeito estacionado num local ermo. Ao abordarem o autom\u00f3vel, aperceberam-se de um forte odor a produto estupefaciente vindo do interior.<\/p>\n<p>Ap\u00f3s uma revista ao condutor e uma busca sum\u00e1ria ao ve\u00edculo, os militares confirmaram a presen\u00e7a de droga, totalizando 36 doses de haxixe.<\/p>\n<p>O suspeito foi detido e constitu\u00eddo arguido, tendo os factos sido remetidos ao Tribunal Judicial de Vila Nova de Famalic\u00e3o.<\/p>\n","protected":false},"excerpt":{"rendered":"A deten\u00e7\u00e3o ocorreu durante uma a\u00e7\u00e3o de patrulhamento de rotina, quando os militares da GNR detetaram um ve\u00edculo&hellip;\n","protected":false},"author":2,"featured_media":136789,"comment_status":"","ping_status":"","sticky":false,"template":"","format":"standard","meta":{"footnotes":""},"categories":[10],"tags":[27,28,2624,15,16,2002,14,603,25,26,21,22,12,13,19,20,32,23,24,33,17,18,2953,29,30,31],"class_list":{"0":"post-136788","1":"post","2":"type-post","3":"status-publish","4":"format-standard","5":"has-post-thumbnail","7":"category-portugal","8":"tag-breaking-news","9":"tag-breakingnews","10":"tag-droga","11":"tag-featured-news","12":"tag-featurednews","13":"tag-gnr","14":"tag-headlines","15":"tag-justica","16":"tag-latest-news","17":"tag-latestnews","18":"tag-main-news","19":"tag-mainnews","20":"tag-news","21":"tag-noticias","22":"tag-noticias-principais","23":"tag-noticiasprincipais","24":"tag-portugal","25":"tag-principais-noticias","26":"tag-principaisnoticias","27":"tag-pt","28":"tag-top-stories","29":"tag-topstories","30":"tag-trafico-de-droga","31":"tag-ultimas","32":"tag-ultimas-noticias","33":"tag-ultimasnoticias"},"share_on_mastodon":{"url":"https:\/\/pubeurope.com\/@pt\/115481299045809593","error":""},"_links":{"self":[{"href":"https:\/\/www.europesays.com\/pt\/wp-json\/wp\/v2\/posts\/136788","targetHints":{"allow":["GET"]}}],"collection":[{"href":"https:\/\/www.europesays.com\/pt\/wp-json\/wp\/v2\/posts"}],"about":[{"href":"https:\/\/www.europesays.com\/pt\/wp-json\/wp\/v2\/types\/post"}],"author":[{"embeddable":true,"href":"https:\/\/www.europesays.com\/pt\/wp-json\/wp\/v2\/users\/2"}],"replies":[{"embeddable":true,"href":"https:\/\/www.europesays.com\/pt\/wp-json\/wp\/v2\/comments?post=136788"}],"version-history":[{"count":0,"href":"https:\/\/www.europesays.com\/pt\/wp-json\/wp\/v2\/posts\/136788\/revisions"}],"wp:featuredmedia":[{"embeddable":true,"href":"https:\/\/www.europesays.com\/pt\/wp-json\/wp\/v2\/media\/136789"}],"wp:attachment":[{"href":"https:\/\/www.europesays.com\/pt\/wp-json\/wp\/v2\/media?parent=136788"}],"wp:term":[{"taxonomy":"category","embeddable":true,"href":"https:\/\/www.europesays.com\/pt\/wp-json\/wp\/v2\/categories?post=136788"},{"taxonomy":"post_tag","embeddable":true,"href":"https:\/\/www.europesays.com\/pt\/wp-json\/wp\/v2\/tags?post=136788"}],"curies":[{"name":"wp","href":"https:\/\/api.w.org\/{rel}","templated":true}]}}