{"id":136794,"date":"2025-11-02T17:37:19","date_gmt":"2025-11-02T17:37:19","guid":{"rendered":"https:\/\/www.europesays.com\/pt\/136794\/"},"modified":"2025-11-02T17:37:19","modified_gmt":"2025-11-02T17:37:19","slug":"billie-eilish-surpreende-ao-revelar-qual-musica-quase-ficou-de-fora-do-ultimo-album-meio-boba","status":"publish","type":"post","link":"https:\/\/www.europesays.com\/pt\/136794\/","title":{"rendered":"Billie Eilish surpreende ao revelar qual m\u00fasica quase ficou de fora do \u00faltimo \u00e1lbum: &#8220;Meio boba&#8221;"},"content":{"rendered":"<p>                                Ler resumo <\/p>\n<p>Billie Eilish revelou, em entrevista \u00e0 Wall Street Journal, que quase deixou &#8220;Birds of a Feather&#8221; fora do \u00e1lbum &#8220;Hit Me Hard and Soft&#8221;. A cantora contou detalhes sobre o processo criativo com Finneas e refletiu sobre manter sua autenticidade art\u00edstica desde o in\u00edcio da carreira.<\/p>\n<p><a href=\"https:\/\/hugogloss.uol.com.br\/tag\/billie-eilish\" target=\"_blank\" rel=\"noopener nofollow\">Billie Eilish<\/a> fez uma revela\u00e7\u00e3o surpreendente sobre a m\u00fasica \u201cBirds of a Feather\u201d. Em entrevista para o <a href=\"https:\/\/hugogloss.uol.com.br\/tag\/wall-street-journal\" target=\"_blank\" rel=\"noopener nofollow\">Wall Street Journal<\/a>, divulgada nesta quarta-feira (29), a cantora disse que a can\u00e7\u00e3o quase n\u00e3o entrou no \u00e1lbum \u201c<a href=\"https:\/\/hugogloss.uol.com.br\/tag\/hit-me-hard-and-soft\" target=\"_blank\" rel=\"noopener nofollow\">Hit Me Hard and Soft<\/a>\u201c, mesmo depois de ter passado onze meses trabalhando nela com <a href=\"https:\/\/hugogloss.uol.com.br\/tag\/finneas\" target=\"_blank\" rel=\"noopener nofollow\">Finneas<\/a>.<\/p>\n<p>A artista contou que discutiu com o irm\u00e3o a respeito da faixa, durante o processo de composi\u00e7\u00e3o em um est\u00fadio caseiro, e precisou reformular o refr\u00e3o diversas vezes para tentar fazer a frase \u201ceu te amarei at\u00e9 o dia em que eu morrer\u201d n\u00e3o soar de um jeito t\u00e3o clich\u00ea.<\/p>\n<p>Quando eles finalmente terminaram a m\u00fasica, Billie n\u00e3o tinha certeza se queria lan\u00e7\u00e1-la. Apesar da cantora ser conhecida por escrever obras melanc\u00f3licas e diferentes do pop descontra\u00eddo, \u201cBirds of a Feather\u201d \u00e9 vista como uma faixa mais para cima e com sintetizadores suaves. \u201cV\u00e1rias vezes eu pensei: \u2018Dever\u00edamos descartar essa m\u00fasica\u2019. Mesmo quando toquei o \u00e1lbum inteiro para a gravadora, eu disse: \u2018Gente, essa m\u00fasica \u00e9 meio boba&#8217;\u201d, revelou ela.<\/p>\n<p> <img loading=\"lazy\" decoding=\"async\" class=\"wp-image-1191880 size-medium img-fluid lazy\" alt=\"Billie Eilish\" width=\"617\" height=\"295\" src=\"https:\/\/www.europesays.com\/pt\/wp-content\/uploads\/2025\/11\/billie-eilish-1-617x295.jpg\"  \/>Billie Eilish durante entrevista para a revista do The Wall Street Journal. (\ud83d\udcf8: Reprodu\u00e7\u00e3o\/WSJ) <\/p>\n<p>\u201c\u00c9 t\u00e3o engra\u00e7ado pensar em todas as cr\u00edticas que diziam: \u2018As m\u00fasicas s\u00e3o muito tristes\u2019. Muitas pessoas e empresas queriam que fiz\u00e9ssemos m\u00fasicas mais alegres\u201d, refletiu Billie sobre o in\u00edcio da carreira. Por\u00e9m, mesmo escrevendo uma can\u00e7\u00e3o mais \u201cfeliz\u201d, a cantora ressaltou que fez quest\u00e3o de adicionar algo sombrio na letra, para que ela n\u00e3o fosse apenas \u201carco-\u00edris e sorrisos\u201d. \u201cEscrevemos sobre a ideia de que voc\u00ea vai morrer em breve, ent\u00e3o vamos aproveitar ao m\u00e1ximo\u201d, explicou.<\/p>\n<p>No final, a faixa lhe rendeu mais tr\u00eas indica\u00e7\u00f5es ao Grammy: Grava\u00e7\u00e3o do Ano, M\u00fasica do Ano e Melhor Performance Pop Solo. Lan\u00e7ada em 2024, a can\u00e7\u00e3o ainda segue ranqueada no top 10 da parada global do <a href=\"https:\/\/hugogloss.uol.com.br\/tag\/spotify\" target=\"_blank\" rel=\"noopener nofollow\">Spotify,<\/a> acima de outras muito mais atuais. Com mais de 3 bilh\u00f5es de streams na plataforma em 481 dias, o single foi o mais r\u00e1pido da hist\u00f3ria a alcan\u00e7ar tais marcas.<\/p>\n<p> Continua depois da Publicidade <\/p>\n<p>Questionada sobre se manter fiel \u00e0s suas convic\u00e7\u00f5es desde os 16 anos, quando come\u00e7ou a carreira ao gravou a composi\u00e7\u00e3o \u201cOcean Eyes\u201d, escrita por Finneas, a cantora confessou se sentir muito feliz por tudo que conquistou e por n\u00e3o ter cedido \u00e0 press\u00e3o para deixar as letras mais alegres. \u201cSimplesmente n\u00e3o teria sido aut\u00eantico se tiv\u00e9ssemos feito isso. Sinto muito orgulho da minha vers\u00e3o mais jovem por ter me mantido firme dessa forma\u201d, concluiu ela.<\/p>\n<p>                                                                     <a id=\"google-news\" class=\"google-news\" href=\"https:\/\/news.google.com\/publications\/CAAqBwgKMM6ViAswv82GAw?ceid=BR:pt-419&amp;amp;oc=3&amp;amp;hl=pt-BR&amp;amp;gl=BR\" target=\"_blank\" rel=\"nofollow noopener\"><\/p>\n<p>                                            Siga a <strong> Hugo Gloss no Google News<\/strong> e acompanhe nossos destaques<\/p>\n<p>                                    <\/a><\/p>\n","protected":false},"excerpt":{"rendered":"Ler resumo Billie Eilish revelou, em entrevista \u00e0 Wall Street Journal, que quase deixou &#8220;Birds of a Feather&#8221;&hellip;\n","protected":false},"author":2,"featured_media":136795,"comment_status":"","ping_status":"","sticky":false,"template":"","format":"standard","meta":{"footnotes":""},"categories":[141],"tags":[1266,30671,114,115,149,150,32,33,30672],"class_list":{"0":"post-136794","1":"post","2":"type-post","3":"status-publish","4":"format-standard","5":"has-post-thumbnail","7":"category-musica","8":"tag-billie-eilish","9":"tag-birds-of-a-feather","10":"tag-entertainment","11":"tag-entretenimento","12":"tag-music","13":"tag-musica","14":"tag-portugal","15":"tag-pt","16":"tag-the-wall-street-journal"},"share_on_mastodon":{"url":"https:\/\/pubeurope.com\/@pt\/115481322827069008","error":""},"_links":{"self":[{"href":"https:\/\/www.europesays.com\/pt\/wp-json\/wp\/v2\/posts\/136794","targetHints":{"allow":["GET"]}}],"collection":[{"href":"https:\/\/www.europesays.com\/pt\/wp-json\/wp\/v2\/posts"}],"about":[{"href":"https:\/\/www.europesays.com\/pt\/wp-json\/wp\/v2\/types\/post"}],"author":[{"embeddable":true,"href":"https:\/\/www.europesays.com\/pt\/wp-json\/wp\/v2\/users\/2"}],"replies":[{"embeddable":true,"href":"https:\/\/www.europesays.com\/pt\/wp-json\/wp\/v2\/comments?post=136794"}],"version-history":[{"count":0,"href":"https:\/\/www.europesays.com\/pt\/wp-json\/wp\/v2\/posts\/136794\/revisions"}],"wp:featuredmedia":[{"embeddable":true,"href":"https:\/\/www.europesays.com\/pt\/wp-json\/wp\/v2\/media\/136795"}],"wp:attachment":[{"href":"https:\/\/www.europesays.com\/pt\/wp-json\/wp\/v2\/media?parent=136794"}],"wp:term":[{"taxonomy":"category","embeddable":true,"href":"https:\/\/www.europesays.com\/pt\/wp-json\/wp\/v2\/categories?post=136794"},{"taxonomy":"post_tag","embeddable":true,"href":"https:\/\/www.europesays.com\/pt\/wp-json\/wp\/v2\/tags?post=136794"}],"curies":[{"name":"wp","href":"https:\/\/api.w.org\/{rel}","templated":true}]}}