{"id":136813,"date":"2025-11-02T17:59:05","date_gmt":"2025-11-02T17:59:05","guid":{"rendered":"https:\/\/www.europesays.com\/pt\/136813\/"},"modified":"2025-11-02T17:59:05","modified_gmt":"2025-11-02T17:59:05","slug":"machadada-na-modernizacao-ps-pede-explicacoes-sobre-alteracoes-feitas-ao-prr","status":"publish","type":"post","link":"https:\/\/www.europesays.com\/pt\/136813\/","title":{"rendered":"&#8220;Machadada na moderniza\u00e7\u00e3o&#8221;. PS pede explica\u00e7\u00f5es sobre altera\u00e7\u00f5es feitas ao PRR"},"content":{"rendered":"<p>&#13;<br \/>\nO secret\u00e1rio-geral do PS, Jos\u00e9 Lu\u00eds Carneiro, <b>considerou que a justifica\u00e7\u00e3o apresentada pelo Governo n\u00e3o \u00e9 suficiente e que o Governo deve explicar ao pa\u00eds porque foi considerou necess\u00e1rio abandonar alguns dos projetos previstos.\u00a0<\/b>&#13;\n<\/p>\n<p>Em declara\u00e7\u00f5es aos jornalistas durante a tomada de posse do presidente da C\u00e2mara da P\u00f3voa de Lanhoso, em Braga, Jos\u00e9 Lu\u00eds Carneiro mencionou em concreto os fundos previstos para a sa\u00fade e educa\u00e7\u00e3o e considerou que foi uma \u201cmachadada na moderniza\u00e7\u00e3o\u201d do Estado Social.<\/p>\n<p>          <img decoding=\"async\" itemprop=\"image\" class=\"img-fluid\"   src=\"https:\/\/www.europesays.com\/pt\/wp-content\/uploads\/2025\/11\/1e7e95fc09c801f775686c99adbfc6e5_N.jpg\"\/><\/p>\n<p> Jos\u00e9 Lu\u00eds Carneiro afirmou que estas altera\u00e7\u00f5es v\u00e3o cortar &#8220;mais de 40 milh\u00f5es de euros na sa\u00fade&#8221; e &#8220;235 milh\u00f5es na educa\u00e7\u00e3o&#8221; e ainda &#8220;250 milh\u00f5es de euros&#8221; em apoios sociais para cuidados domicili\u00e1rios, continuados e cuidados paliativos.\u00a0<\/p>\n<p>&#13;<br \/>\nO secret\u00e1rio-geral do PS refere ainda que s\u00e3o tamb\u00e9m cortados &#8220;quase 300 milh\u00f5es de euros nos transportes e na mobilidade&#8221;.\u00a0&#13;\n<\/p>\n<p>&#13;<br \/>\n<b>&#8220;Isto \u00e9 um erro grave pelo qual o Governo deve, no meu ponto de vista, responder aos portugueses. Deve explicar porque raz\u00e3o, com que fundamentos, \u00e9 que entendeu desviar estes recursos&#8221;<\/b>, exigiu.\u00a0&#13;\n<\/p>\n<p>Para o secret\u00e1rio-geral do PS, o executivo deve tamb\u00e9m justificar &#8220;porque \u00e9 que n\u00e3o houve capacidade&#8221; para executar estas verbas e ainda os motivos que levaram a decidir retirar recursos &#8220;a \u00e1reas vitais&#8221;.<\/p>\n<p>\u00a0Na sexta-feira, o Governo portugu\u00eas entregou \u00e0 Comiss\u00e3o Europeia a revis\u00e3o final do PRR.\u00a0&#13;\n<\/p>\n<p>&#13;<br \/>\nNa sexta-feira, o Governo submeteu a \u00faltima revis\u00e3o do PRR. J\u00e1 este s\u00e1bado, em comunicado, <b>o&#13;<br \/>\nMinist\u00e9rio da Economia e Coes\u00e3o Territorial explicava que &#13;<br \/>\neste era um passo fundamental para concluir o plano dentro do prazo.<\/b>&#13;\n<\/p>\n<p>          <img decoding=\"async\" itemprop=\"image\" class=\"img-fluid\"   src=\"https:\/\/www.europesays.com\/pt\/wp-content\/uploads\/2025\/11\/9be046cec6da7fd1cc34575d0437e890_N.jpg\"\/><\/p>\n<p> Telejornal, 1 de novembro de 2025\u00a0<\/p>\n<p>&#13;<br \/>\nEm concreto, o Governo vai abdicar de 311 milh\u00f5es de euros de obras que n\u00e3o considera concretiz\u00e1veis at\u00e9 agosto de 2026, nomeadamente a expans\u00e3o da linha vermelha do metro de Lisboa e a constru\u00e7\u00e3o do Hospital de Lisboa Oriental.\u00a0&#13;\n<\/p>\n<p>&#13;<br \/>\nH\u00e1 ainda redu\u00e7\u00e3o de verbas para o Servi\u00e7o Nacional de Sa\u00fade, para a Educa\u00e7\u00e3o e para a Cultura.&#13;<\/p>\n","protected":false},"excerpt":{"rendered":"&#13; O secret\u00e1rio-geral do PS, Jos\u00e9 Lu\u00eds Carneiro, considerou que a justifica\u00e7\u00e3o apresentada pelo Governo n\u00e3o \u00e9 suficiente&hellip;\n","protected":false},"author":2,"featured_media":136814,"comment_status":"","ping_status":"","sticky":false,"template":"","format":"standard","meta":{"footnotes":""},"categories":[10],"tags":[27,28,15,16,14,2433,25,26,21,22,12,13,19,20,32,23,24,21485,33,17,18,29,30,31],"class_list":{"0":"post-136813","1":"post","2":"type-post","3":"status-publish","4":"format-standard","5":"has-post-thumbnail","7":"category-portugal","8":"tag-breaking-news","9":"tag-breakingnews","10":"tag-featured-news","11":"tag-featurednews","12":"tag-headlines","13":"tag-jose-luis-carneiro","14":"tag-latest-news","15":"tag-latestnews","16":"tag-main-news","17":"tag-mainnews","18":"tag-news","19":"tag-noticias","20":"tag-noticias-principais","21":"tag-noticiasprincipais","22":"tag-portugal","23":"tag-principais-noticias","24":"tag-principaisnoticias","25":"tag-prr","26":"tag-pt","27":"tag-top-stories","28":"tag-topstories","29":"tag-ultimas","30":"tag-ultimas-noticias","31":"tag-ultimasnoticias"},"share_on_mastodon":{"url":"https:\/\/pubeurope.com\/@pt\/115481409477973655","error":""},"_links":{"self":[{"href":"https:\/\/www.europesays.com\/pt\/wp-json\/wp\/v2\/posts\/136813","targetHints":{"allow":["GET"]}}],"collection":[{"href":"https:\/\/www.europesays.com\/pt\/wp-json\/wp\/v2\/posts"}],"about":[{"href":"https:\/\/www.europesays.com\/pt\/wp-json\/wp\/v2\/types\/post"}],"author":[{"embeddable":true,"href":"https:\/\/www.europesays.com\/pt\/wp-json\/wp\/v2\/users\/2"}],"replies":[{"embeddable":true,"href":"https:\/\/www.europesays.com\/pt\/wp-json\/wp\/v2\/comments?post=136813"}],"version-history":[{"count":0,"href":"https:\/\/www.europesays.com\/pt\/wp-json\/wp\/v2\/posts\/136813\/revisions"}],"wp:featuredmedia":[{"embeddable":true,"href":"https:\/\/www.europesays.com\/pt\/wp-json\/wp\/v2\/media\/136814"}],"wp:attachment":[{"href":"https:\/\/www.europesays.com\/pt\/wp-json\/wp\/v2\/media?parent=136813"}],"wp:term":[{"taxonomy":"category","embeddable":true,"href":"https:\/\/www.europesays.com\/pt\/wp-json\/wp\/v2\/categories?post=136813"},{"taxonomy":"post_tag","embeddable":true,"href":"https:\/\/www.europesays.com\/pt\/wp-json\/wp\/v2\/tags?post=136813"}],"curies":[{"name":"wp","href":"https:\/\/api.w.org\/{rel}","templated":true}]}}