{"id":136819,"date":"2025-11-02T18:04:13","date_gmt":"2025-11-02T18:04:13","guid":{"rendered":"https:\/\/www.europesays.com\/pt\/136819\/"},"modified":"2025-11-02T18:04:13","modified_gmt":"2025-11-02T18:04:13","slug":"martina-sanzi-se-pronuncia-apos-expulsao-de-a-fazenda-17-zoeira","status":"publish","type":"post","link":"https:\/\/www.europesays.com\/pt\/136819\/","title":{"rendered":"Martina Sanzi se pronuncia ap\u00f3s expuls\u00e3o de &#8216;A Fazenda 17&#8217; &#8211; Zoeira"},"content":{"rendered":"<p>Ap\u00f3s ser expulsa de &#8220;A Fazenda 17&#8221; neste s\u00e1bado (1\u00ba), Martina Sanzi<strong> <\/strong>se manifestou nas redes sociais sobre o epis\u00f3dio que levou \u00e0 sua sa\u00edda do reality. A ex-peoa explicou que <strong>o copo que atingiu T\u00e0mires Assis<\/strong> durante a festa Corrida Maluca <strong>teria escapado de sua m\u00e3o<\/strong>.<\/p>\n<p>\u201cEu jamais jogaria um copo de vidro em algu\u00e9m. Infelizmente, ele escorregou quando tentei apenas jogar o l\u00edquido\u201d, afirmou. Martina tamb\u00e9m aproveitou o pronunciamento para pedir desculpas \u00e0 banda Pixote, que se apresentava no momento da confus\u00e3o e teve o show interrompido. Ela foi <a href=\"https:\/\/diariodonordeste.verdesmares.com.br\/entretenimento\/zoeira\/martina-e-expulsa-de-a-fazenda-17-apos-briga-generalizada-em-festa-1.3705355\" target=\"_self\" rel=\"nofollow noopener\">expulsa na manh\u00e3 seguinte a festa<\/a>.<\/p>\n<p>\u201cN\u00e3o quis acertar ningu\u00e9m, muito menos colocar em risco qualquer pessoa da banda. Pe\u00e7o desculpas de cora\u00e7\u00e3o ao Dod\u00f4 e a todos os integrantes\u201d, declarou.<\/p>\n<p>A <a href=\"https:\/\/diariodonordeste.verdesmares.com.br\/entretenimento\/zoeira\/briga-generalizada-em-a-fazenda-faz-grupo-pixote-deixar-palco-1.3705297\" target=\"_self\" rel=\"nofollow noopener\">briga come\u00e7ou durante a apresenta\u00e7\u00e3o do grupo<\/a>, quando Martina, Duda Wendling e Carol Lek discutiram na pista de dan\u00e7a. O motivo do desentendimento n\u00e3o ficou claro devido ao som alto.<\/p>\n<p>O clima de festa rapidamente se transformou em confus\u00e3o, com bebidas sendo arremessadas entre os participantes. A cena levou \u00e0 expuls\u00e3o imediata de Martina, que agora tenta <strong>amenizar as repercuss\u00f5es do incidente <\/strong>fora do programa.<\/p>\n","protected":false},"excerpt":{"rendered":"Ap\u00f3s ser expulsa de &#8220;A Fazenda 17&#8221; neste s\u00e1bado (1\u00ba), Martina Sanzi se manifestou nas redes sociais sobre&hellip;\n","protected":false},"author":2,"featured_media":136820,"comment_status":"","ping_status":"","sticky":false,"template":"","format":"standard","meta":{"footnotes":""},"categories":[142],"tags":[2397,114,115,32,33,151],"class_list":{"0":"post-136819","1":"post","2":"type-post","3":"status-publish","4":"format-standard","5":"has-post-thumbnail","7":"category-tv","8":"tag-artes-cultura-e-entretenimento","9":"tag-entertainment","10":"tag-entretenimento","11":"tag-portugal","12":"tag-pt","13":"tag-tv"},"share_on_mastodon":{"url":"https:\/\/pubeurope.com\/@pt\/115481428815471680","error":""},"_links":{"self":[{"href":"https:\/\/www.europesays.com\/pt\/wp-json\/wp\/v2\/posts\/136819","targetHints":{"allow":["GET"]}}],"collection":[{"href":"https:\/\/www.europesays.com\/pt\/wp-json\/wp\/v2\/posts"}],"about":[{"href":"https:\/\/www.europesays.com\/pt\/wp-json\/wp\/v2\/types\/post"}],"author":[{"embeddable":true,"href":"https:\/\/www.europesays.com\/pt\/wp-json\/wp\/v2\/users\/2"}],"replies":[{"embeddable":true,"href":"https:\/\/www.europesays.com\/pt\/wp-json\/wp\/v2\/comments?post=136819"}],"version-history":[{"count":0,"href":"https:\/\/www.europesays.com\/pt\/wp-json\/wp\/v2\/posts\/136819\/revisions"}],"wp:featuredmedia":[{"embeddable":true,"href":"https:\/\/www.europesays.com\/pt\/wp-json\/wp\/v2\/media\/136820"}],"wp:attachment":[{"href":"https:\/\/www.europesays.com\/pt\/wp-json\/wp\/v2\/media?parent=136819"}],"wp:term":[{"taxonomy":"category","embeddable":true,"href":"https:\/\/www.europesays.com\/pt\/wp-json\/wp\/v2\/categories?post=136819"},{"taxonomy":"post_tag","embeddable":true,"href":"https:\/\/www.europesays.com\/pt\/wp-json\/wp\/v2\/tags?post=136819"}],"curies":[{"name":"wp","href":"https:\/\/api.w.org\/{rel}","templated":true}]}}