{"id":136827,"date":"2025-11-02T18:12:12","date_gmt":"2025-11-02T18:12:12","guid":{"rendered":"https:\/\/www.europesays.com\/pt\/136827\/"},"modified":"2025-11-02T18:12:12","modified_gmt":"2025-11-02T18:12:12","slug":"uma-viagem-a-transnistria-a-regiao-presa-na-uniao-sovietica-observador","status":"publish","type":"post","link":"https:\/\/www.europesays.com\/pt\/136827\/","title":{"rendered":"Uma viagem \u00e0 Transn\u00edstria, a regi\u00e3o presa na Uni\u00e3o Sovi\u00e9tica \u2013 Observador"},"content":{"rendered":"<p>Contrariamente aos \u00faltimos anos, Marina Ohanjanyan reconhece que existe agora uma \u201cpossibilidade realista\u201d de a Transn\u00edstria deixar de estar presa na \u00e9poca sovi\u00e9tica e se juntar \u00e0 Rep\u00fablica da Mold\u00e1via. Mas destaca que \u201cdepender\u00e1 de muitos fatores\u201d, avisando que a \u201creintegra\u00e7\u00e3o na Rep\u00fablica da Mold\u00e1via \u00e9 dif\u00edcil em termos administrativos\u201d e \u201cfinanceiramente custosa\u201d. \u201cA Rep\u00fablica da Mold\u00e1via, como um dos pa\u00edses mais pobres da Europa, vai precisar do <strong>apoio da Uni\u00e3o Europeia<\/strong>\u201c, frisou.<\/p>\n<p>Se \u00e9 verdade que o Governo pr\u00f3-Ocidente mant\u00e9m como \u201cobjetivo\u201d a integra\u00e7\u00e3o da Transn\u00edstria na Rep\u00fablica da Mold\u00e1via, tamb\u00e9m subsistem v\u00e1rias d\u00favidas n\u00e3o s\u00f3 sobre como tal seria feito, mas tamb\u00e9m sobre os impactos que teriam no resto do pa\u00eds. Marina Ohanjanyan ressalva, contudo, que caso a zona separatista aceite o dom\u00ednio de Chi\u0219in\u0103u, isso podia \u201cajudar o processo de integra\u00e7\u00e3o da Mold\u00e1via na Uni\u00e3o Europeia\u201d, visto que h\u00e1 \u201cEstados-membros que t\u00eam dificuldades em admitir um pa\u00eds com um conflito congelado\u201d.<\/p>\n<p>A curto prazo, Anatoliy Dirun, que vive na Transn\u00edstria, considera que uma \u201creconcilia\u00e7\u00e3o total \u00e9 improv\u00e1vel\u201d. \u201c<strong>N\u00e3o h\u00e1 um conflito aberto, mas falta confian\u00e7a.<\/strong> Desde 2022, a geopol\u00edtica \u2014 e n\u00e3o quest\u00f5es t\u00e9cnicas \u2014 definiram as rela\u00e7\u00f5es entre os duas partes\u201d, frisou. Enquanto Chi\u0219in\u0103u se foca na integra\u00e7\u00e3o europeia, Tiraspol \u201cprocura preservar a sua autonomia e os la\u00e7os de seguran\u00e7a com a R\u00fassia\u201d.<\/p>\n<p>No entanto, Anatoliy Dirun real\u00e7a que tem havido \u201cla\u00e7os econ\u00f3micos e coopera\u00e7\u00e3o\u201d que mant\u00eam os canais de comunica\u00e7\u00e3o abertos. \u201cO progresso talvez n\u00e3o venha da forma de reintegra\u00e7\u00e3o pol\u00edtica, mas atrav\u00e9s de projetos de reaproxima\u00e7\u00e3o pr\u00e1ticos, di\u00e1logo direto e medidas para construir confian\u00e7a. A<strong> paz <\/strong>aqui adv\u00e9m de<strong> interesses partilhados <\/strong>e n\u00e3o de declara\u00e7\u00f5es\u201d, sublinha.<\/p>\n<p>A \u00faltima paragem da excurs\u00e3o \u00e9 num hipermercado para comprar doces, souvenirs\u00a0e cambiar os rublos restantes. O grande estabelecimento comercial, tal como o clube, chama-se Sheriff, j\u00e1 que faz parte de uma cadeia de supermercados tamb\u00e9m detida por Viktor Gushan. Como ainda me sobravam alguns rublos, comprei chocolates e rebu\u00e7ados. Fiquei sem dinheiro, \u00e0 exce\u00e7\u00e3o de um rublo, que guardei como recorda\u00e7\u00e3o.<\/p>\n","protected":false},"excerpt":{"rendered":"Contrariamente aos \u00faltimos anos, Marina Ohanjanyan reconhece que existe agora uma \u201cpossibilidade realista\u201d de a Transn\u00edstria deixar de&hellip;\n","protected":false},"author":2,"featured_media":136828,"comment_status":"","ping_status":"","sticky":false,"template":"","format":"standard","meta":{"footnotes":""},"categories":[50],"tags":[27,28,445,15,16,1123,14,25,26,21,22,22704,62,12,13,19,20,23,24,3879,17,18,1124,29,30,31,63,64,65],"class_list":{"0":"post-136827","1":"post","2":"type-post","3":"status-publish","4":"format-standard","5":"has-post-thumbnail","7":"category-mundo","8":"tag-breaking-news","9":"tag-breakingnews","10":"tag-europa","11":"tag-featured-news","12":"tag-featurednews","13":"tag-guerra-na-ucru00e2nia","14":"tag-headlines","15":"tag-latest-news","16":"tag-latestnews","17":"tag-main-news","18":"tag-mainnews","19":"tag-moldu00e1via","20":"tag-mundo","21":"tag-news","22":"tag-noticias","23":"tag-noticias-principais","24":"tag-noticiasprincipais","25":"tag-principais-noticias","26":"tag-principaisnoticias","27":"tag-ru00fassia","28":"tag-top-stories","29":"tag-topstories","30":"tag-ucru00e2nia","31":"tag-ultimas","32":"tag-ultimas-noticias","33":"tag-ultimasnoticias","34":"tag-world","35":"tag-world-news","36":"tag-worldnews"},"share_on_mastodon":{"url":"https:\/\/pubeurope.com\/@pt\/115481460451567118","error":""},"_links":{"self":[{"href":"https:\/\/www.europesays.com\/pt\/wp-json\/wp\/v2\/posts\/136827","targetHints":{"allow":["GET"]}}],"collection":[{"href":"https:\/\/www.europesays.com\/pt\/wp-json\/wp\/v2\/posts"}],"about":[{"href":"https:\/\/www.europesays.com\/pt\/wp-json\/wp\/v2\/types\/post"}],"author":[{"embeddable":true,"href":"https:\/\/www.europesays.com\/pt\/wp-json\/wp\/v2\/users\/2"}],"replies":[{"embeddable":true,"href":"https:\/\/www.europesays.com\/pt\/wp-json\/wp\/v2\/comments?post=136827"}],"version-history":[{"count":0,"href":"https:\/\/www.europesays.com\/pt\/wp-json\/wp\/v2\/posts\/136827\/revisions"}],"wp:featuredmedia":[{"embeddable":true,"href":"https:\/\/www.europesays.com\/pt\/wp-json\/wp\/v2\/media\/136828"}],"wp:attachment":[{"href":"https:\/\/www.europesays.com\/pt\/wp-json\/wp\/v2\/media?parent=136827"}],"wp:term":[{"taxonomy":"category","embeddable":true,"href":"https:\/\/www.europesays.com\/pt\/wp-json\/wp\/v2\/categories?post=136827"},{"taxonomy":"post_tag","embeddable":true,"href":"https:\/\/www.europesays.com\/pt\/wp-json\/wp\/v2\/tags?post=136827"}],"curies":[{"name":"wp","href":"https:\/\/api.w.org\/{rel}","templated":true}]}}