{"id":136831,"date":"2025-11-02T18:14:08","date_gmt":"2025-11-02T18:14:08","guid":{"rendered":"https:\/\/www.europesays.com\/pt\/136831\/"},"modified":"2025-11-02T18:14:08","modified_gmt":"2025-11-02T18:14:08","slug":"liga-2-bruxedo-do-sao-luis-afastado-depois-de-o-benfica-b-estar-a-vencer-por-3-0-e-perder-por-3-4","status":"publish","type":"post","link":"https:\/\/www.europesays.com\/pt\/136831\/","title":{"rendered":"Liga 2: bruxedo do S\u00e3o Lu\u00eds afastado depois de o Benfica B estar a vencer por 3-0 e perder por 3-4!"},"content":{"rendered":"<p>Com Lu\u00eds Freire, selecionador nacional de sub-21 a assistir, o <a target=\"_blank\" class=\"editor-link autolink-enabled\" href=\"https:\/\/www.abola.pt\/futebol\/farense-441\" data-resource-id=\"441\" data-resource-type=\"team\" data-sport=\"football\" rel=\"nofollow noopener\">Farense<\/a> ganhou pela primeira vez no seu reduto, vencendo o <a target=\"_blank\" class=\"editor-link autolink-enabled\" href=\"https:\/\/www.abola.pt\/futebol\/benfica-450\" data-resource-id=\"450\" data-resource-type=\"team\" data-sport=\"football\" rel=\"nofollow noopener\">Benfica<\/a> B por 4-3, num jogo emotivo e em que os jovens encarnados tiveram uma vantagem de tr\u00eas golos at\u00e9 aos 65 minutos.<\/p>\n<p>\u00abNo creo en brujas, pero que las hay, las hay\u00bb, ter\u00e1 pensado o uruguaio Franco Romero depois de cabecear contra as costas de <a class=\"autolink-enabled\" data-resource-id=\"181971\" data-resource-type=\"player\" data-sport=\"football\" href=\"https:\/\/www.abola.pt\/futebol\/jogador\/claudio-falcao-181971\" rel=\"nofollow noopener\" target=\"_blank\">Cl\u00e1udio Falc\u00e3o<\/a>, com a bola a ressaltar para Trevisan, que correu para fazer o 3 a 0 para o Benfica B. Estavam jogados 33 minutos e, certamente, os jogadores do <a class=\"autolink-enabled\" data-resource-id=\"441\" data-resource-type=\"team\" data-sport=\"football\" href=\"https:\/\/www.abola.pt\/futebol\/farense-441\" rel=\"nofollow noopener\" target=\"_blank\">Farense<\/a> sentiam que o S\u00e3o Lu\u00eds estava embruxado.<\/p>\n<p>Essa conclus\u00e3o prov\u00e9m de uma grande defesa de <a class=\"autolink-enabled\" data-resource-id=\"7915823\" data-resource-type=\"player\" data-sport=\"football\" href=\"https:\/\/www.abola.pt\/futebol\/jogador\/diogo-ferreira-7915823\" rel=\"nofollow noopener\" target=\"_blank\">Diogo Ferreira<\/a> a negar o golo a Romero logo aos 3 minutos, seguido aos 7\u2019 de um cabeceamento de Dorregaray que o guardi\u00e3o dos encarnados desviou com a ponta dos dedos para a barra.<\/p>\n<p>Contudo, essa entrada forte dos algarvios ruiu em oito minutos. <a target=\"_blank\" class=\"editor-link autolink-enabled\" href=\"https:\/\/www.abola.pt\/futebol\/jogador\/goncalo-oliveira-4441851\" data-resource-id=\"4441851\" data-resource-type=\"player\" data-sport=\"football\" rel=\"nofollow noopener\">Gon\u00e7alo Oliveira<\/a> (25\u2019) desviou de cabe\u00e7a um canto de <a target=\"_blank\" class=\"editor-link autolink-enabled\" href=\"https:\/\/www.abola.pt\/futebol\/jogador\/diogo-prioste-260085\" data-resource-id=\"260085\" data-resource-type=\"player\" data-sport=\"football\" rel=\"nofollow noopener\">Prioste<\/a>, Trevisan (29\u2019) levantou os adeptos dos encarnados com um golo de elevada execu\u00e7\u00e3o t\u00e9cnica quando recebeu de costas para a baliza e rodopiou para atirar colocado e o belga a fazer o terceiro de imediato, na tal jogada de azar farense descrita no in\u00edcio.<\/p>\n<p>Por\u00e9m, no banco dos algarvios Silas foi um aut\u00eantico feiticeiro ao lan\u00e7ar dois elementos que quebraram o feiti\u00e7o e evitaram novo desaire no S\u00e3o Lu\u00eds: <a class=\"autolink-enabled\" data-resource-id=\"121103\" data-resource-type=\"player\" data-sport=\"football\" href=\"https:\/\/www.abola.pt\/futebol\/jogador\/rui-costa-121103\" rel=\"nofollow noopener\" target=\"_blank\">Rui Costa<\/a> e Andr\u00e9 Candeias.<\/p>\n<p>Primeiro foi Franco Romero (63\u2019) a encher o p\u00e9 para marcar o primeiro do Farense e depois surgiram os toques de magia do treinador. Andr\u00e9 Candeias entrou aos 72&#8242; e no minuto seguinte encurtou para 2-3, com Rui Costa, lan\u00e7ado aos 57\u2019 a mergulhar aos 78\u2019 entre os centrais para desviar um cruzamento de Menino e cabecear para o empate. O avan\u00e7ado ainda teve participa\u00e7\u00e3o ativa na reviravolta quando cabeceou junto \u00e0 relva para defesa de Diogo Ferreira, com Dorregaray (88&#8242;) a recargar e a explodir (e afastar as bruxas\u2026) do S\u00e3o Lu\u00eds.<\/p>\n","protected":false},"excerpt":{"rendered":"Com Lu\u00eds Freire, selecionador nacional de sub-21 a assistir, o Farense ganhou pela primeira vez no seu reduto,&hellip;\n","protected":false},"author":2,"featured_media":136832,"comment_status":"","ping_status":"","sticky":false,"template":"","format":"standard","meta":{"footnotes":""},"categories":[8],"tags":[27,28,15,16,14,25,26,21,22,12,13,19,20,32,23,24,33,17,18,29,30,31],"class_list":{"0":"post-136831","1":"post","2":"type-post","3":"status-publish","4":"format-standard","5":"has-post-thumbnail","7":"category-principais-noticias","8":"tag-breaking-news","9":"tag-breakingnews","10":"tag-featured-news","11":"tag-featurednews","12":"tag-headlines","13":"tag-latest-news","14":"tag-latestnews","15":"tag-main-news","16":"tag-mainnews","17":"tag-news","18":"tag-noticias","19":"tag-noticias-principais","20":"tag-noticiasprincipais","21":"tag-portugal","22":"tag-principais-noticias","23":"tag-principaisnoticias","24":"tag-pt","25":"tag-top-stories","26":"tag-topstories","27":"tag-ultimas","28":"tag-ultimas-noticias","29":"tag-ultimasnoticias"},"share_on_mastodon":{"url":"https:\/\/pubeurope.com\/@pt\/115481468306377672","error":""},"_links":{"self":[{"href":"https:\/\/www.europesays.com\/pt\/wp-json\/wp\/v2\/posts\/136831","targetHints":{"allow":["GET"]}}],"collection":[{"href":"https:\/\/www.europesays.com\/pt\/wp-json\/wp\/v2\/posts"}],"about":[{"href":"https:\/\/www.europesays.com\/pt\/wp-json\/wp\/v2\/types\/post"}],"author":[{"embeddable":true,"href":"https:\/\/www.europesays.com\/pt\/wp-json\/wp\/v2\/users\/2"}],"replies":[{"embeddable":true,"href":"https:\/\/www.europesays.com\/pt\/wp-json\/wp\/v2\/comments?post=136831"}],"version-history":[{"count":0,"href":"https:\/\/www.europesays.com\/pt\/wp-json\/wp\/v2\/posts\/136831\/revisions"}],"wp:featuredmedia":[{"embeddable":true,"href":"https:\/\/www.europesays.com\/pt\/wp-json\/wp\/v2\/media\/136832"}],"wp:attachment":[{"href":"https:\/\/www.europesays.com\/pt\/wp-json\/wp\/v2\/media?parent=136831"}],"wp:term":[{"taxonomy":"category","embeddable":true,"href":"https:\/\/www.europesays.com\/pt\/wp-json\/wp\/v2\/categories?post=136831"},{"taxonomy":"post_tag","embeddable":true,"href":"https:\/\/www.europesays.com\/pt\/wp-json\/wp\/v2\/tags?post=136831"}],"curies":[{"name":"wp","href":"https:\/\/api.w.org\/{rel}","templated":true}]}}