{"id":136859,"date":"2025-11-02T18:40:12","date_gmt":"2025-11-02T18:40:12","guid":{"rendered":"https:\/\/www.europesays.com\/pt\/136859\/"},"modified":"2025-11-02T18:40:12","modified_gmt":"2025-11-02T18:40:12","slug":"cinco-alpinistas-alemaes-morrem-em-avalanche-nos-alpes-italianos","status":"publish","type":"post","link":"https:\/\/www.europesays.com\/pt\/136859\/","title":{"rendered":"Cinco alpinistas alem\u00e3es morrem em avalanche nos Alpes italianos"},"content":{"rendered":"<p data-remotead-prev-elm=\"true\" data-remotead-elm-id=\"inread\">A avalanche aconteceu no s\u00e1bado, sendo tr\u00eas dos alpinistas alem\u00e3es encontrados mortos pouco depois. Na manh\u00e3 de hoje foram recuperados os corpos de um homem e da filha de 17 anos, que estavam desaparecidos.<\/p>\n<p>As cinco v\u00edtimas faziam parte do mesmo grupo e foram arrastadas pela avalanche enquanto subiam um corredor na face norte do trilho Cima Vertana.<\/p>\n<p>A avalanche atingiu dois grupos, sendo o primeiro composto por tr\u00eas pessoas, que foi completamente soterrado, enquanto no segundo, com quatro alpinistas, dois sobreviveram e deram o alarme.<\/p>\n<p>A trag\u00e9dia ocorreu a uma altitude de aproximadamente 3200 metros, tendo sido mobilizados para o local dois helic\u00f3pteros de resgate, bombeiros e equipa de resgate alpino.<\/p>\n","protected":false},"excerpt":{"rendered":"A avalanche aconteceu no s\u00e1bado, sendo tr\u00eas dos alpinistas alem\u00e3es encontrados mortos pouco depois. Na manh\u00e3 de hoje&hellip;\n","protected":false},"author":2,"featured_media":136860,"comment_status":"","ping_status":"","sticky":false,"template":"","format":"standard","meta":{"footnotes":""},"categories":[50],"tags":[30674,27,28,15,16,14,25,26,21,22,62,12,13,19,20,23,24,17,18,7542,29,30,31,63,64,65],"class_list":{"0":"post-136859","1":"post","2":"type-post","3":"status-publish","4":"format-standard","5":"has-post-thumbnail","7":"category-mundo","8":"tag-avalanche","9":"tag-breaking-news","10":"tag-breakingnews","11":"tag-featured-news","12":"tag-featurednews","13":"tag-headlines","14":"tag-latest-news","15":"tag-latestnews","16":"tag-main-news","17":"tag-mainnews","18":"tag-mundo","19":"tag-news","20":"tag-noticias","21":"tag-noticias-principais","22":"tag-noticiasprincipais","23":"tag-principais-noticias","24":"tag-principaisnoticias","25":"tag-top-stories","26":"tag-topstories","27":"tag-turistas","28":"tag-ultimas","29":"tag-ultimas-noticias","30":"tag-ultimasnoticias","31":"tag-world","32":"tag-world-news","33":"tag-worldnews"},"share_on_mastodon":{"url":"https:\/\/pubeurope.com\/@pt\/115481570389102756","error":""},"_links":{"self":[{"href":"https:\/\/www.europesays.com\/pt\/wp-json\/wp\/v2\/posts\/136859","targetHints":{"allow":["GET"]}}],"collection":[{"href":"https:\/\/www.europesays.com\/pt\/wp-json\/wp\/v2\/posts"}],"about":[{"href":"https:\/\/www.europesays.com\/pt\/wp-json\/wp\/v2\/types\/post"}],"author":[{"embeddable":true,"href":"https:\/\/www.europesays.com\/pt\/wp-json\/wp\/v2\/users\/2"}],"replies":[{"embeddable":true,"href":"https:\/\/www.europesays.com\/pt\/wp-json\/wp\/v2\/comments?post=136859"}],"version-history":[{"count":0,"href":"https:\/\/www.europesays.com\/pt\/wp-json\/wp\/v2\/posts\/136859\/revisions"}],"wp:featuredmedia":[{"embeddable":true,"href":"https:\/\/www.europesays.com\/pt\/wp-json\/wp\/v2\/media\/136860"}],"wp:attachment":[{"href":"https:\/\/www.europesays.com\/pt\/wp-json\/wp\/v2\/media?parent=136859"}],"wp:term":[{"taxonomy":"category","embeddable":true,"href":"https:\/\/www.europesays.com\/pt\/wp-json\/wp\/v2\/categories?post=136859"},{"taxonomy":"post_tag","embeddable":true,"href":"https:\/\/www.europesays.com\/pt\/wp-json\/wp\/v2\/tags?post=136859"}],"curies":[{"name":"wp","href":"https:\/\/api.w.org\/{rel}","templated":true}]}}