{"id":136866,"date":"2025-11-02T18:51:09","date_gmt":"2025-11-02T18:51:09","guid":{"rendered":"https:\/\/www.europesays.com\/pt\/136866\/"},"modified":"2025-11-02T18:51:09","modified_gmt":"2025-11-02T18:51:09","slug":"pedro-jorge-com-ciumes-de-leandro-concorrente-confronta-marisa-ele-esta-a-comecar-a-gostar-de-ti-secret-story","status":"publish","type":"post","link":"https:\/\/www.europesays.com\/pt\/136866\/","title":{"rendered":"Pedro Jorge com ci\u00fames de Leandro? Concorrente confronta Marisa: \u00abEle est\u00e1 a come\u00e7ar a gostar de ti\u00bb &#8211; Secret Story"},"content":{"rendered":"<p data-end=\"417\" data-start=\"52\">De manh\u00e3 no <strong data-end=\"95\" data-start=\"77\">Secret Story 9<\/strong>, Marisa e Pedro conversam sobre os comportamentos dos colegas e levantam suspeitas sobre poss\u00edveis interesses amorosos. Marisa aponta que Leandro e Marisa Susana ficam com ci\u00fames quando eles se aproximam de outras pessoas, refor\u00e7ando a teoria de Pedro: ser\u00e1 que Leandro est\u00e1 mesmo interessado em Marisa?<\/p>\n<p data-end=\"834\" data-start=\"419\">Mas a conversa n\u00e3o fica por aqui. Os dois revisitam o pol\u00e9mico almo\u00e7o entre Pedro e Liliana e Marisa acredita que a colega queria criar um momento tenso na casa, ao perguntar quem poderia ser o interesse amoroso dele. Para Marisa, Liliana queria provocar um confronto com F\u00e1bio e gerar conte\u00fado. E ainda deixa claro: Liliana \u00e9 ciumenta e n\u00e3o admite que F\u00e1bio fale com outras pessoas, embora ela n\u00e3o siga essa regra.<\/p>\n<p data-end=\"897\" data-start=\"836\">\u00a0<\/p>\n","protected":false},"excerpt":{"rendered":"De manh\u00e3 no Secret Story 9, Marisa e Pedro conversam sobre os comportamentos dos colegas e levantam suspeitas&hellip;\n","protected":false},"author":2,"featured_media":136867,"comment_status":"","ping_status":"","sticky":false,"template":"","format":"standard","meta":{"footnotes":""},"categories":[142],"tags":[114,115,19033,19184,19034,21416,32,33,151,19032],"class_list":{"0":"post-136866","1":"post","2":"type-post","3":"status-publish","4":"format-standard","5":"has-post-thumbnail","7":"category-tv","8":"tag-entertainment","9":"tag-entretenimento","10":"tag-galas-em-video","11":"tag-marisa","12":"tag-melhores-momentos-casa-dos-segredos","13":"tag-pedro-jorge","14":"tag-portugal","15":"tag-pt","16":"tag-tv","17":"tag-videos-secret-story-tvi"},"share_on_mastodon":{"url":"https:\/\/pubeurope.com\/@pt\/115481613633960215","error":""},"_links":{"self":[{"href":"https:\/\/www.europesays.com\/pt\/wp-json\/wp\/v2\/posts\/136866","targetHints":{"allow":["GET"]}}],"collection":[{"href":"https:\/\/www.europesays.com\/pt\/wp-json\/wp\/v2\/posts"}],"about":[{"href":"https:\/\/www.europesays.com\/pt\/wp-json\/wp\/v2\/types\/post"}],"author":[{"embeddable":true,"href":"https:\/\/www.europesays.com\/pt\/wp-json\/wp\/v2\/users\/2"}],"replies":[{"embeddable":true,"href":"https:\/\/www.europesays.com\/pt\/wp-json\/wp\/v2\/comments?post=136866"}],"version-history":[{"count":0,"href":"https:\/\/www.europesays.com\/pt\/wp-json\/wp\/v2\/posts\/136866\/revisions"}],"wp:featuredmedia":[{"embeddable":true,"href":"https:\/\/www.europesays.com\/pt\/wp-json\/wp\/v2\/media\/136867"}],"wp:attachment":[{"href":"https:\/\/www.europesays.com\/pt\/wp-json\/wp\/v2\/media?parent=136866"}],"wp:term":[{"taxonomy":"category","embeddable":true,"href":"https:\/\/www.europesays.com\/pt\/wp-json\/wp\/v2\/categories?post=136866"},{"taxonomy":"post_tag","embeddable":true,"href":"https:\/\/www.europesays.com\/pt\/wp-json\/wp\/v2\/tags?post=136866"}],"curies":[{"name":"wp","href":"https:\/\/api.w.org\/{rel}","templated":true}]}}