{"id":136914,"date":"2025-11-02T19:28:08","date_gmt":"2025-11-02T19:28:08","guid":{"rendered":"https:\/\/www.europesays.com\/pt\/136914\/"},"modified":"2025-11-02T19:28:08","modified_gmt":"2025-11-02T19:28:08","slug":"papa-no-coracao-a-memoria-dos-falecidos-em-jesus-a-esperanca-que-nao-e-ilusao","status":"publish","type":"post","link":"https:\/\/www.europesays.com\/pt\/136914\/","title":{"rendered":"Papa: no cora\u00e7\u00e3o, a mem\u00f3ria dos falecidos; em Jesus, a esperan\u00e7a que n\u00e3o \u00e9 ilus\u00e3o"},"content":{"rendered":"<p>Em missa pelos fi\u00e9is falecidos no Cemit\u00e9rio Verano, de Roma, o Papa disse que, enquanto temos no cora\u00e7\u00e3o a dor da aus\u00eancia de quem j\u00e1 morreu, devemos olhar para o Ressuscitado e deixar &#8220;ressoar em n\u00f3s a promessa da vida eterna&#8221;. Le\u00e3o XIV refor\u00e7ou: &#8220;n\u00e3o se trata de uma ilus\u00e3o que serve para aplacar a dor da separa\u00e7\u00e3o das pessoas amadas, nem de um simples otimismo humano. \u00c9 a esperan\u00e7a fundada na ressurrei\u00e7\u00e3o de Jesus, que venceu a morte e abriu, tamb\u00e9m a n\u00f3s, a passagem para a plenitude da vida&#8221;.<\/p>\n<p><b>Andressa Collet &#8211; Vatican News<\/b><\/p>\n<p>O Papa Le\u00e3o XIV foi at\u00e9 o\u00a0Cemit\u00e9rio Monumental Verano, em Roma, um local hist\u00f3rico de sepultamento na capital, na tarde deste domingo (02\/11), Dia de Finados. Depois de depositar rosas brancas num t\u00famulo, um ato simb\u00f3lico em homenagem a todos os fi\u00e9is falecidos, o Pont\u00edfice presidiu uma celebra\u00e7\u00e3o eucar\u00edstica com cerca de 2 mil pessoas no local,\u00a0uma \u00e1rea de mais de 80 hectares, em meio a t\u00famulos que abrigam um patrim\u00f4nio de obras de arte, constituindo um museu a c\u00e9u aberto. O pr\u00f3prio Papa Francisco chegou a ir tr\u00eas vezes ao Cemit\u00e9rio Verano, porque tradicionalmente\u00a0escolhia um lugar simb\u00f3lico de recorda\u00e7\u00e3o para a data de hoje.\u00a0<\/p>\n<p>    <img decoding=\"async\" src=\"data:image\/gif;base64,R0lGODlhAQABAIAAAAAAAP\/\/\/yH5BAEAAAAALAAAAAABAAEAAAIBRAA7\" data-original=\"https:\/\/www.vaticannews.va\/content\/dam\/vaticannews\/agenzie\/images\/srv\/2025\/11\/02\/2025-11-02-santa-messa-per-i-defunti---cimitero-del-verano\/1762095780634.JPG\/_jcr_content\/renditions\/cq5dam.thumbnail.cropped.750.422.jpeg\" alt=\"O Papa Le\u00e3o XIV ao chegar no Cemit\u00e1rio Verano, de Roma, com as flores que depositou num t\u00famulo em homenagem aos fi\u00e9is sepultados no local\" title=\"O Papa Le\u00e3o XIV ao chegar no Cemit\u00e1rio Verano, de Roma, com as flores que depositou num t\u00famulo em homenagem aos fi\u00e9is sepultados no local\"\/><\/p>\n<p>\n   O Papa Le\u00e3o XIV ao chegar no Cemit\u00e1rio Verano, de Roma, com as flores que depositou num t\u00famulo em homenagem aos fi\u00e9is sepultados no local \u00a0 (@VATICAN MEDIA)\n  <\/p>\n<p>Na homilia, Le\u00e3o XIV refor\u00e7ou a import\u00e2ncia de se reunir para celebrar todos os fi\u00e9is defuntos, &#8220;em particular aqueles que est\u00e3o aqui sepultados e, com carinho especial, os nossos entes queridos&#8221;. Aqueles falecidos, continuou o Papa, que nos deixaram ao morrer, mas que devemos levar sempre conosco, &#8220;na mem\u00f3ria do cora\u00e7\u00e3o&#8221;, que &#8220;permanece viva, todos os dias, em tudo o que vivemos. Frequentemente, encontramos algo que nos faz lembrar deles, imagens que nos remetem para o que com eles vivemos. Tantos lugares, e at\u00e9 mesmo os aromas das nossas casas, nos falam daqueles que amamos e que nos deixaram, mantendo viva em n\u00f3s a sua mem\u00f3ria&#8221;.<\/p>\n<p>    <img decoding=\"async\" src=\"data:image\/gif;base64,R0lGODlhAQABAIAAAAAAAP\/\/\/yH5BAEAAAAALAAAAAABAAEAAAIBRAA7\" data-original=\"https:\/\/www.vaticannews.va\/content\/dam\/vaticannews\/agenzie\/images\/srv\/2025\/11\/02\/2025-11-02-santa-messa-per-i-defunti---cimitero-del-verano\/1762097585998.JPG\/_jcr_content\/renditions\/cq5dam.thumbnail.cropped.750.422.jpeg\" alt=\"Duas mil pessoas participaram da celebra\u00e7\u00e3o eucar\u00edstica no Cemit\u00e9rio Verano, de Roma\" title=\"Duas mil pessoas participaram da celebra\u00e7\u00e3o eucar\u00edstica no Cemit\u00e9rio Verano, de Roma\"\/><\/p>\n<p>\n   Duas mil pessoas participaram da celebra\u00e7\u00e3o eucar\u00edstica no Cemit\u00e9rio Verano, de Roma \u00a0 (@Vatican Media)\n  <\/p>\n<p>A esperan\u00e7a futura com Jesus n\u00e3o \u00e9 ilus\u00e3o <\/p>\n<p>Mas, como o Papa j\u00e1 havia recordado durante a alocu\u00e7\u00e3o que precedeu a ora\u00e7\u00e3o do mariana do Angelus, o Dia de Finados deve servir como uma oportunidade n\u00e3o somente de &#8220;lembrar aqueles que j\u00e1 partiram deste mundo&#8221;, olhando para tr\u00e1s, no passado, mas &#8220;sobretudo como uma esperan\u00e7a futura&#8221; atrav\u00e9s da &#8220;f\u00e9 crist\u00e3, fundada na P\u00e1scoa de Cristo&#8221;, nos direcionando &#8220;para o porto seguro que Deus nos prometeu&#8221;: &#8220;l\u00e1, em torno do Senhor Ressuscitado e dos nossos, saborearemos a alegria do banquete eterno&#8221;, recordou o Pont\u00edfice segundo a\u00a0leitura do profeta Isa\u00edas (Is 25, 6.8).<\/p>\n<blockquote>\n<p>\u201cN\u00e3o se trata de uma ilus\u00e3o que serve para aplacar a dor da separa\u00e7\u00e3o das pessoas amadas, nem de um simples otimismo humano. \u00c9 a esperan\u00e7a fundada na ressurrei\u00e7\u00e3o de Jesus, que venceu a morte e abriu, tamb\u00e9m a n\u00f3s, a passagem para a plenitude da vida. Ele \u2013 como recordava numa catequese recente \u2013 \u00e9 \u00abo ponto de chegada do nosso caminho. Sem o seu amor, a viagem da vida se tornaria um perambular sem meta, um erro tr\u00e1gico com um destino fracassado. [\u2026] O Ressuscitado garante a meta, conduz-nos para casa, onde somos esperados, amados, salvos\u00bb.\u201d<\/p>\n<\/blockquote>\n<p>    <img decoding=\"async\" src=\"data:image\/gif;base64,R0lGODlhAQABAIAAAAAAAP\/\/\/yH5BAEAAAAALAAAAAABAAEAAAIBRAA7\" data-original=\"https:\/\/www.vaticannews.va\/content\/dam\/vaticannews\/agenzie\/images\/srv\/2025\/11\/02\/2025-11-02-santa-messa-per-i-defunti---cimitero-del-verano\/1762097883210.JPG\/_jcr_content\/renditions\/cq5dam.thumbnail.cropped.750.422.jpeg\" alt=\"Papa refletiu na homilia sobre a esperan\u00e7a fundada na ressurrei\u00e7\u00e3o de Jesus\" title=\"Papa refletiu na homilia sobre a esperan\u00e7a fundada na ressurrei\u00e7\u00e3o de Jesus\"\/><\/p>\n<p>\n   Papa refletiu na homilia sobre a esperan\u00e7a fundada na ressurrei\u00e7\u00e3o de Jesus \u00a0 (@Vatican Media)\n  <\/p>\n<p>Com Jesus, ser\u00e1 encontro de amor e caridade <\/p>\n<p>E aquele com o Senhor, continuou Le\u00e3o XIV, ser\u00e1 um &#8220;encontro de amor&#8221; a exemplo do amor de Deus que nos criou e do amor de Jesus que nos salvou. Por isso mesmo, &#8220;s\u00f3 quando vivemos no amor e praticamos o amor uns para com os outros, em particular para com os mais fracos e os mais pobres, caminhamos em dire\u00e7\u00e3o \u00e0 meta&#8221;. E al\u00e9m do amor, devemos &#8220;caminhar na caridade&#8221; para nos unirmos aos j\u00e1 falecidos no final desta vida terra, &#8220;esperando reencontr\u00e1-los na alegria da eternidade&#8221;. Segundo o Papa Le\u00e3o, essa promessa pode nos sustentar e enxugar as nossas l\u00e1grimas para conseguirmos direcionar o nosso olhar para frente, &#8220;para aquela esperan\u00e7a futura que n\u00e3o morre&#8221;:<\/p>\n<p>&#8220;Queridos irm\u00e3os e irm\u00e3s, enquanto a dor da aus\u00eancia de quem j\u00e1 n\u00e3o est\u00e1 entre n\u00f3s permanece gravada nos nossos cora\u00e7\u00f5es, confiemo-nos \u00e0 esperan\u00e7a que n\u00e3o engana; olhemos para Cristo Ressuscitado e pensemos nos nossos falecidos revestidos j\u00e1 da sua luz; deixemos ressoar em n\u00f3s a promessa da vida eterna que o Senhor nos faz. Ele aniquilar\u00e1 a morte para sempre. Ele a venceu para sempre, abrindo uma passagem de vida eterna \u2013 isto \u00e9, fazendo P\u00e1scoa \u2013 no t\u00fanel da morte, para que, unidos a Ele, tamb\u00e9m n\u00f3s possamos entrar nele e atravess\u00e1-lo.&#8221;<\/p>\n<p>    <img decoding=\"async\" src=\"data:image\/gif;base64,R0lGODlhAQABAIAAAAAAAP\/\/\/yH5BAEAAAAALAAAAAABAAEAAAIBRAA7\" data-original=\"https:\/\/www.vaticannews.va\/content\/dam\/vaticannews\/agenzie\/images\/srv\/2025\/11\/02\/2025-11-02-santa-messa-per-i-defunti---cimitero-del-verano\/1762097589950.JPG\/_jcr_content\/renditions\/cq5dam.thumbnail.cropped.750.422.jpeg\" alt=\"&quot;Deixemos ressoar em n\u00f3s a promessa da vida eterna que o Senhor nos faz&quot;, afirma Le\u00e3o XIV no Dia de Finados\" title=\"&quot;Deixemos ressoar em n\u00f3s a promessa da vida eterna que o Senhor nos faz&quot;, afirma Le\u00e3o XIV no Dia de Finados\"\/><\/p>\n<p>\n   &#8220;Deixemos ressoar em n\u00f3s a promessa da vida eterna que o Senhor nos faz&#8221;, afirma Le\u00e3o XIV no Dia de Finados \u00a0 (@Vatican Media)\n  <\/p>\n","protected":false},"excerpt":{"rendered":"Em missa pelos fi\u00e9is falecidos no Cemit\u00e9rio Verano, de Roma, o Papa disse que, enquanto temos no cora\u00e7\u00e3o&hellip;\n","protected":false},"author":2,"featured_media":136915,"comment_status":"","ping_status":"","sticky":false,"template":"","format":"standard","meta":{"footnotes":""},"categories":[50],"tags":[27,28,15,16,14,30682,233,25,26,21,22,62,12,13,19,20,811,23,24,17,18,29,30,31,63,64,65],"class_list":{"0":"post-136914","1":"post","2":"type-post","3":"status-publish","4":"format-standard","5":"has-post-thumbnail","7":"category-mundo","8":"tag-breaking-news","9":"tag-breakingnews","10":"tag-featured-news","11":"tag-featurednews","12":"tag-headlines","13":"tag-homilia","14":"tag-italia","15":"tag-latest-news","16":"tag-latestnews","17":"tag-main-news","18":"tag-mainnews","19":"tag-mundo","20":"tag-news","21":"tag-noticias","22":"tag-noticias-principais","23":"tag-noticiasprincipais","24":"tag-papa-leao-xiv","25":"tag-principais-noticias","26":"tag-principaisnoticias","27":"tag-top-stories","28":"tag-topstories","29":"tag-ultimas","30":"tag-ultimas-noticias","31":"tag-ultimasnoticias","32":"tag-world","33":"tag-world-news","34":"tag-worldnews"},"share_on_mastodon":{"url":"https:\/\/pubeurope.com\/@pt\/115481759237665369","error":""},"_links":{"self":[{"href":"https:\/\/www.europesays.com\/pt\/wp-json\/wp\/v2\/posts\/136914","targetHints":{"allow":["GET"]}}],"collection":[{"href":"https:\/\/www.europesays.com\/pt\/wp-json\/wp\/v2\/posts"}],"about":[{"href":"https:\/\/www.europesays.com\/pt\/wp-json\/wp\/v2\/types\/post"}],"author":[{"embeddable":true,"href":"https:\/\/www.europesays.com\/pt\/wp-json\/wp\/v2\/users\/2"}],"replies":[{"embeddable":true,"href":"https:\/\/www.europesays.com\/pt\/wp-json\/wp\/v2\/comments?post=136914"}],"version-history":[{"count":0,"href":"https:\/\/www.europesays.com\/pt\/wp-json\/wp\/v2\/posts\/136914\/revisions"}],"wp:featuredmedia":[{"embeddable":true,"href":"https:\/\/www.europesays.com\/pt\/wp-json\/wp\/v2\/media\/136915"}],"wp:attachment":[{"href":"https:\/\/www.europesays.com\/pt\/wp-json\/wp\/v2\/media?parent=136914"}],"wp:term":[{"taxonomy":"category","embeddable":true,"href":"https:\/\/www.europesays.com\/pt\/wp-json\/wp\/v2\/categories?post=136914"},{"taxonomy":"post_tag","embeddable":true,"href":"https:\/\/www.europesays.com\/pt\/wp-json\/wp\/v2\/tags?post=136914"}],"curies":[{"name":"wp","href":"https:\/\/api.w.org\/{rel}","templated":true}]}}