{"id":136977,"date":"2025-11-02T20:32:19","date_gmt":"2025-11-02T20:32:19","guid":{"rendered":"https:\/\/www.europesays.com\/pt\/136977\/"},"modified":"2025-11-02T20:32:19","modified_gmt":"2025-11-02T20:32:19","slug":"voleibol-benfica-sporting-ao-vivo-maisfutebol","status":"publish","type":"post","link":"https:\/\/www.europesays.com\/pt\/136977\/","title":{"rendered":"Voleibol: Benfica-Sporting AO VIVO &#8211; Maisfutebol"},"content":{"rendered":"<ol>\n<li><a href=\"https:\/\/news.google.com\/rss\/articles\/CBMib0FVX3lxTE1XWElYT0l5OEtEY1A0ZHlpUWtYVDN5RTVWS0d3NHdrRlZpSkVtcTN0eU5FdGpWd1RKenhzbWhaRHRGajF4ZmdWU3Iyd1h5ZU10WWlMZTN2eEJ5cXdtVVpNYjhHc29RVElWbkNlajFFVQ?oc=5\" target=\"_blank\" rel=\"nofollow noopener\">Voleibol: Benfica-Sporting AO VIVO<\/a>&nbsp;&nbsp;Maisfutebol<\/li>\n<li><a href=\"https:\/\/news.google.com\/rss\/articles\/CBMikAFBVV95cUxQY1VuSmNZSWpCaDF0MjU4LWEzdVFhaVJLMG91NEJBelBwREtwRV8tSmh6S1dlRFM1dlIxQUw0UWlMSlhyRU9RUnNMMTVpYWVEZFZRMFhkalZCSG01WHFLdXlQa0VJRUlxV0J5dTFHMXpvRDRjYnRvVHZYNEg3eW5JVkt6V2hDNDRFZ2dwUHBKamg?oc=5\" target=\"_blank\" rel=\"nofollow noopener\">Em direto Na Luz: Sporting domina d\u00e9rbi contra o Benfica ap\u00f3s 2.\u00ba set<\/a>&nbsp;&nbsp;A Bola<\/li>\n<li><a href=\"https:\/\/news.google.com\/rss\/articles\/CBMijwFBVV95cUxOX0VUcXVHSXRWbVRkTWtlRWZLZGlnTUtfOEU2Tk9WcmhoQkFESF8yM3VDWjA4bWFhbnQtTl9qLXozbnp4MVFOR1hONWZrbmtFRkMxMmJER3ljNXV5UXA3WnpaUFpyY0NoZUcwSkgxRlFQWVJMYVJjV002YVczRnNhb2tkLU1fS1NlcENuQ3lkbw?oc=5\" target=\"_blank\" rel=\"nofollow noopener\">ANTEVIS\u00c3O | Depois da Superta\u00e7a, eis o d\u00e9rbi no Campeonato!<\/a>&nbsp;&nbsp;zerozero.pt<\/li>\n<li><a href=\"https:\/\/news.google.com\/rss\/articles\/CBMiwAFBVV95cUxONUdnQjZCZmpHd25QUmRxSjZ5Zzd4bmhjUUNCWjYyUkx1ZWl5LTdVblpOX1YtdWpYSHJUNmJvd0pDMUMwdmI3aDBuWFEwSHZyYVRQOWIxYWFXSjUyXzRodFNLdG9PY1NySDQzTnZuWHdGUHJGNEhBM1RWMmpQOG5aQ3RyVTZJdjhHaS1EazBQaEtIb21oc3hncV9STEtKaV9jZF9ycTNBeXY4dFVhWC1HaHAyN1R3OTR3azZkYnhOYUc?oc=5\" target=\"_blank\" rel=\"nofollow noopener\">Controlo dita triunfo expressivo<\/a>&nbsp;&nbsp;Site Oficial do Sport Lisboa e Benfica<\/li>\n<li><a href=\"https:\/\/news.google.com\/rss\/articles\/CBMi0gFBVV95cUxQS2plTF9mX0JNazRhMFNaMkxxU3lEbE1Wd0szMTNpZGZweEMxRUMwWTljTm8ybjRtcURaMkRROXRSekVyUlRxRkl1RmNwa3ZXbk5SaGtHazczQVgzOWpfY0JoMzQwaTB4TVprRGJzN0d1VEZvLV9NMG5kLV9kcDNjaG1pM0pBQ2tmUVNCajRLRHUzSlRtV3UwX252TXV3aHNoN2VIZnM2WDlMbFIyN3VZY05tcE5xSHNXZEN5bXRLZnBKRjdBLUx0Ui1PRklmSS1hOHfSAdcBQVVfeXFMTTQzRHVIcVg0azdpb3QtYzB2X0VPWjZ6T2N2YVY2T0pxTDlwcEhGTVBFbEsyVFZQcHlKWHk2OW1PdU5FWHdHMjU5VDJLZUZaOUExMHNTQm93RS13UXlyMDZSYXFsU3NSc2RIbmNDSUhyWC1STWY1T1hlVDZGdFQwczRzaElfZTRrSkxUZjZ6TUJpNWtNYWhTa05lcGs3NWlETHVlQUotRnFGM1UxOXh4T1NFUjE0em1RdnF1WXB3WEpwaEFkREtsZHF6S2JHWjN5NW1wOVRwQXc?oc=5\" target=\"_blank\" rel=\"nofollow noopener\">Clube K n\u00e3o consegue contrariar o favoritismo do Benfica e averba segunda derrota na Liga<\/a>&nbsp;&nbsp;Quiosque GM<\/li>\n<\/ol>\n","protected":false},"excerpt":{"rendered":"Voleibol: Benfica-Sporting AO VIVO&nbsp;&nbsp;Maisfutebol Em direto Na Luz: Sporting domina d\u00e9rbi contra o Benfica ap\u00f3s 2.\u00ba set&nbsp;&nbsp;A Bola&hellip;\n","protected":false},"author":2,"featured_media":136978,"comment_status":"","ping_status":"","sticky":false,"template":"","format":"standard","meta":{"footnotes":""},"categories":[87],"tags":[135,32,33,47,134],"class_list":{"0":"post-136977","1":"post","2":"type-post","3":"status-publish","4":"format-standard","5":"has-post-thumbnail","7":"category-desporto","8":"tag-desporto","9":"tag-portugal","10":"tag-pt","11":"tag-pura-paixao","12":"tag-sports"},"share_on_mastodon":{"url":"https:\/\/pubeurope.com\/@pt\/115482011403285665","error":""},"_links":{"self":[{"href":"https:\/\/www.europesays.com\/pt\/wp-json\/wp\/v2\/posts\/136977","targetHints":{"allow":["GET"]}}],"collection":[{"href":"https:\/\/www.europesays.com\/pt\/wp-json\/wp\/v2\/posts"}],"about":[{"href":"https:\/\/www.europesays.com\/pt\/wp-json\/wp\/v2\/types\/post"}],"author":[{"embeddable":true,"href":"https:\/\/www.europesays.com\/pt\/wp-json\/wp\/v2\/users\/2"}],"replies":[{"embeddable":true,"href":"https:\/\/www.europesays.com\/pt\/wp-json\/wp\/v2\/comments?post=136977"}],"version-history":[{"count":0,"href":"https:\/\/www.europesays.com\/pt\/wp-json\/wp\/v2\/posts\/136977\/revisions"}],"wp:featuredmedia":[{"embeddable":true,"href":"https:\/\/www.europesays.com\/pt\/wp-json\/wp\/v2\/media\/136978"}],"wp:attachment":[{"href":"https:\/\/www.europesays.com\/pt\/wp-json\/wp\/v2\/media?parent=136977"}],"wp:term":[{"taxonomy":"category","embeddable":true,"href":"https:\/\/www.europesays.com\/pt\/wp-json\/wp\/v2\/categories?post=136977"},{"taxonomy":"post_tag","embeddable":true,"href":"https:\/\/www.europesays.com\/pt\/wp-json\/wp\/v2\/tags?post=136977"}],"curies":[{"name":"wp","href":"https:\/\/api.w.org\/{rel}","templated":true}]}}