{"id":137042,"date":"2025-11-02T21:21:08","date_gmt":"2025-11-02T21:21:08","guid":{"rendered":"https:\/\/www.europesays.com\/pt\/137042\/"},"modified":"2025-11-02T21:21:08","modified_gmt":"2025-11-02T21:21:08","slug":"marta-temido-diz-que-nao-apoiara-antonio-jose-seguro-observador","status":"publish","type":"post","link":"https:\/\/www.europesays.com\/pt\/137042\/","title":{"rendered":"Marta Temido diz que n\u00e3o apoiar\u00e1 Ant\u00f3nio Jos\u00e9 Seguro \u2013 Observador"},"content":{"rendered":"<p>Depois de Augusto Santos Silva e Ferro Rodrigues, Marta Temido adensa a lista de socialistas que preferiam outro candidato que n\u00e3o aquele que tem o apoio oficial do PS e admite mesmo que <strong>n\u00e3o vai apoiar<\/strong> Ant\u00f3nio Jos\u00e9 Seguro. Em entrevista \u00e0 CNN Portugal, a ex-ministra da Sa\u00fade e eurodeputada diz que \u201cgostava que tivesse havido uma <strong>outra constela\u00e7\u00e3o<\/strong> de candidatos\u201d. Questionada diretamente sobre se seguir\u00e1 a indica\u00e7\u00e3o do PS, recusa-se a faz\u00ea-lo: \u201c<strong>N\u00e3o irei apoiar nenhum dos candidatos<\/strong>. Vou votar, mas publicamente n\u00e3o irei apoiar nenhum dos candidatos.\u201d<\/p>\n<p>Marta Temido tinha dito em julho que Ant\u00f3nio Sampaio da N\u00f3voa teria o seu apoio se se candidatasse e lamenta que o antigo reitor da Universidade de Lisboa n\u00e3o tenha avan\u00e7ado. A eurodeputada e ex-ministra sente uma m\u00e1goa por \u201cnum momento muito importante das nossas vidas coletivas\u201d ningu\u00e9m com esse perfil tenha avan\u00e7ado: \u201cSe ficarmos todos a medir as nossas probabilidades de sucesso, ficamos presos e amarrados.\u201d<\/p>\n<p class=\"tinymceh1\">Na mesma entrevista, a antiga ministra da Sa\u00fade recusou-se a pedir diretamente a demiss\u00e3o de Ana Paula Martins, embora tenha sido muito cr\u00edtica da gest\u00e3o na Sa\u00fade do atual Governo. Marta Temido lembrou: \u201cNa minha experi\u00eancia como ministra da Sa\u00fade, os portugueses habituaram-se a confiar em mim. E, quando senti que confian\u00e7a estava em causa, entendi dar um sinal. <strong>Com outros titulares a avalia\u00e7\u00e3o pode ser diferente<\/strong>\u201d.<\/p>\n<p>Marta Temido manifesta \u201crep\u00fadio\u201d pelas declara\u00e7\u00f5es de Ana Paula Martins sobre as gr\u00e1vidas que n\u00e3o t\u00eam telem\u00f3vel, pois diz ser uma desresponsabiliza\u00e7\u00e3o do papel da tutela. Por\u00e9m, questionada diretamente se defende a demiss\u00e3o da ex-ministra da Sa\u00fade, foi clara: \u201c<strong>N\u00e3o me parece que ajude nada<\/strong>.\u201d Acrescenta depois que, \u201cse olhasse para tr\u00e1s\u201d, podia ter ajudado mais se n\u00e3o tivesse pedido a demiss\u00e3o. N\u00e3o se esquece, por\u00e9m, que na altura \u201ctodo o PSD, desde Montenegro a Miguel Pinto Luz, dizia: \u2018j\u00e1 vai tarde\u2019.\u201d Por\u00e9m, explica, o \u201cmomento \u00e9 muito mais grave e perturbador do que \u00e9 apenas essa avalia\u00e7\u00e3o.\u201d<\/p>\n<p>A ex-ministra socialista disse ainda que os ministros da sa\u00fade sucessores de outros \u201cn\u00e3o s\u00e3o ineptos nem tolos\u201d, da\u00ed que haja \u201cvantagem em existir continuidade de pol\u00edticas\u201d. Da\u00ed que lamente a \u201cdecapita\u00e7\u00e3o de chefias interm\u00e9dias\u201d que este Governo levou a cabo.<\/p>\n","protected":false},"excerpt":{"rendered":"Depois de Augusto Santos Silva e Ferro Rodrigues, Marta Temido adensa a lista de socialistas que preferiam outro&hellip;\n","protected":false},"author":2,"featured_media":137043,"comment_status":"","ping_status":"","sticky":false,"template":"","format":"standard","meta":{"footnotes":""},"categories":[10],"tags":[27,28,1077,15,16,301,14,25,26,21,22,12,13,19,20,302,32,5215,1076,23,24,33,2946,17,18,29,30,31],"class_list":{"0":"post-137042","1":"post","2":"type-post","3":"status-publish","4":"format-standard","5":"has-post-thumbnail","7":"category-portugal","8":"tag-breaking-news","9":"tag-breakingnews","10":"tag-eleiu00e7u00f5es","11":"tag-featured-news","12":"tag-featurednews","13":"tag-governo","14":"tag-headlines","15":"tag-latest-news","16":"tag-latestnews","17":"tag-main-news","18":"tag-mainnews","19":"tag-news","20":"tag-noticias","21":"tag-noticias-principais","22":"tag-noticiasprincipais","23":"tag-polu00edtica","24":"tag-portugal","25":"tag-presidenciais","26":"tag-presidenciais-2026","27":"tag-principais-noticias","28":"tag-principaisnoticias","29":"tag-pt","30":"tag-sau00fade","31":"tag-top-stories","32":"tag-topstories","33":"tag-ultimas","34":"tag-ultimas-noticias","35":"tag-ultimasnoticias"},"share_on_mastodon":{"url":"https:\/\/pubeurope.com\/@pt\/115482203545664978","error":""},"_links":{"self":[{"href":"https:\/\/www.europesays.com\/pt\/wp-json\/wp\/v2\/posts\/137042","targetHints":{"allow":["GET"]}}],"collection":[{"href":"https:\/\/www.europesays.com\/pt\/wp-json\/wp\/v2\/posts"}],"about":[{"href":"https:\/\/www.europesays.com\/pt\/wp-json\/wp\/v2\/types\/post"}],"author":[{"embeddable":true,"href":"https:\/\/www.europesays.com\/pt\/wp-json\/wp\/v2\/users\/2"}],"replies":[{"embeddable":true,"href":"https:\/\/www.europesays.com\/pt\/wp-json\/wp\/v2\/comments?post=137042"}],"version-history":[{"count":0,"href":"https:\/\/www.europesays.com\/pt\/wp-json\/wp\/v2\/posts\/137042\/revisions"}],"wp:featuredmedia":[{"embeddable":true,"href":"https:\/\/www.europesays.com\/pt\/wp-json\/wp\/v2\/media\/137043"}],"wp:attachment":[{"href":"https:\/\/www.europesays.com\/pt\/wp-json\/wp\/v2\/media?parent=137042"}],"wp:term":[{"taxonomy":"category","embeddable":true,"href":"https:\/\/www.europesays.com\/pt\/wp-json\/wp\/v2\/categories?post=137042"},{"taxonomy":"post_tag","embeddable":true,"href":"https:\/\/www.europesays.com\/pt\/wp-json\/wp\/v2\/tags?post=137042"}],"curies":[{"name":"wp","href":"https:\/\/api.w.org\/{rel}","templated":true}]}}