{"id":137058,"date":"2025-11-02T21:31:19","date_gmt":"2025-11-02T21:31:19","guid":{"rendered":"https:\/\/www.europesays.com\/pt\/137058\/"},"modified":"2025-11-02T21:31:19","modified_gmt":"2025-11-02T21:31:19","slug":"por-que-razao-berra-tanto-apos-pergunta-andre-ventura-abandona-entrevista-em-direto","status":"publish","type":"post","link":"https:\/\/www.europesays.com\/pt\/137058\/","title":{"rendered":"&#8220;Por que raz\u00e3o berra tanto?&#8221;: ap\u00f3s pergunta, Andr\u00e9 Ventura abandona entrevista em direto!"},"content":{"rendered":"<p>No passado s\u00e1bado, dia 1, <a href=\"https:\/\/selfie.iol.pt\/famosos\/victor-espadinha\/victor-espadinha-equaciona-mover-processo-contra-andre-ventura-e-um-veneno-para-a-minha-saude\/20250717\/6878fd6fd34ef72ee4486dca\" target=\"_blank\" rel=\"nofollow noopener\">Andr\u00e9 Ventura<\/a> participou no programa da CNN Portugal &#8220;Verdade ou Consequ\u00eancia&#8221;, no qual respondeu \u00e0s perguntas do piv\u00f4, Andr\u00e9 Carvalho Ramos, e dos dois comentadores do espa\u00e7o, Francisco Rodrigues dos Santos e Pedro Costa.<\/p>\n<p>Tendo contestado o tom e registo da entrevista (tendo chegado a afirmar que a mesma se tratava de &#8220;uma persegui\u00e7\u00e3o&#8221;), Andr\u00e9 Ventura acabou por abandonar o est\u00fadio de forma abrupta j\u00e1 na parte final do programa.<\/p>\n<p>Tudo aconteceu, quando surgiram perguntas enviadas pelos espetadores da CNN Portugal a partir das redes sociais. No ecr\u00e3, apareceu a seguinte quest\u00e3o: &#8220;Se sempre disse que queria ser primeiro-ministro, por que raz\u00e3o se est\u00e1 a candidatar a Presidente?&#8221;<\/p>\n<p>Andr\u00e9 Ventura reclamou: &#8220;Aconteceu esta coisa engra\u00e7ada que, depois de me terem feito este tempo todo esta pergunta, calhou esta. N\u00e3o calhou mais nenhuma? Foi s\u00f3 esta?&#8221; Andr\u00e9 Carvalho Ramos respondeu: &#8220;Podemos ver a seguir todas as perguntas.&#8221; J\u00e1 Pedro Costa, a sorrir, afirmou: &#8220;Se fosse eu a escolher, tinha escolhido outra: &#8216;Por que raz\u00e3o berra tanto?&#8217;, que era outra das perguntas.&#8221;<\/p>\n<p>Andr\u00e9 Ventura levou de imediato a m\u00e3o \u00e0 lapela para retirar o microfone, mostrando-se indignado: &#8220;&#8216;Por que raz\u00e3o berra tanto?&#8217; Desculpe l\u00e1, estas perguntas, desculpe l\u00e1,\u00a0para mim acabou.&#8221;<\/p>\n<p>Antes de sair do est\u00fadio, o pol\u00edtico ainda assinalou: &#8220;Agrade\u00e7o-vos muito, mas para estes ataques assim n\u00e3o estou dispon\u00edvel.&#8221;<\/p>\n<p>Veja, agora, imagens de Andr\u00e9 Ventura na galeria de fotografias que prepar\u00e1mos para si.<\/p>\n","protected":false},"excerpt":{"rendered":"No passado s\u00e1bado, dia 1, Andr\u00e9 Ventura participou no programa da CNN Portugal &#8220;Verdade ou Consequ\u00eancia&#8221;, no qual&hellip;\n","protected":false},"author":2,"featured_media":137059,"comment_status":"","ping_status":"","sticky":false,"template":"","format":"standard","meta":{"footnotes":""},"categories":[85],"tags":[3386,608,114,115,980,619,2771,52,32,33,1012],"class_list":{"0":"post-137058","1":"post","2":"type-post","3":"status-publish","4":"format-standard","5":"has-post-thumbnail","7":"category-entretenimento","8":"tag-andre-ventura","9":"tag-cnn-portugal","10":"tag-entertainment","11":"tag-entretenimento","12":"tag-famosos","13":"tag-nacional","14":"tag-polemica","15":"tag-politica","16":"tag-portugal","17":"tag-pt","18":"tag-selfie"},"share_on_mastodon":{"url":"https:\/\/pubeurope.com\/@pt\/115482242871625637","error":""},"_links":{"self":[{"href":"https:\/\/www.europesays.com\/pt\/wp-json\/wp\/v2\/posts\/137058","targetHints":{"allow":["GET"]}}],"collection":[{"href":"https:\/\/www.europesays.com\/pt\/wp-json\/wp\/v2\/posts"}],"about":[{"href":"https:\/\/www.europesays.com\/pt\/wp-json\/wp\/v2\/types\/post"}],"author":[{"embeddable":true,"href":"https:\/\/www.europesays.com\/pt\/wp-json\/wp\/v2\/users\/2"}],"replies":[{"embeddable":true,"href":"https:\/\/www.europesays.com\/pt\/wp-json\/wp\/v2\/comments?post=137058"}],"version-history":[{"count":0,"href":"https:\/\/www.europesays.com\/pt\/wp-json\/wp\/v2\/posts\/137058\/revisions"}],"wp:featuredmedia":[{"embeddable":true,"href":"https:\/\/www.europesays.com\/pt\/wp-json\/wp\/v2\/media\/137059"}],"wp:attachment":[{"href":"https:\/\/www.europesays.com\/pt\/wp-json\/wp\/v2\/media?parent=137058"}],"wp:term":[{"taxonomy":"category","embeddable":true,"href":"https:\/\/www.europesays.com\/pt\/wp-json\/wp\/v2\/categories?post=137058"},{"taxonomy":"post_tag","embeddable":true,"href":"https:\/\/www.europesays.com\/pt\/wp-json\/wp\/v2\/tags?post=137058"}],"curies":[{"name":"wp","href":"https:\/\/api.w.org\/{rel}","templated":true}]}}