{"id":137068,"date":"2025-11-02T21:38:14","date_gmt":"2025-11-02T21:38:14","guid":{"rendered":"https:\/\/www.europesays.com\/pt\/137068\/"},"modified":"2025-11-02T21:38:14","modified_gmt":"2025-11-02T21:38:14","slug":"filhos-gemeos-de-fabiula-nascimento-e-emilio-dantas-esbanjam-fofura-em-passeio","status":"publish","type":"post","link":"https:\/\/www.europesays.com\/pt\/137068\/","title":{"rendered":"Filhos g\u00eameos de Fabiula Nascimento e Emilio Dantas esbanjam fofura em passeio"},"content":{"rendered":"<p>A atriz <a href=\"https:\/\/caras.com.br\/tags\/fabiula-nascimento\" rel=\"nofollow noopener\" target=\"_blank\"><strong>Fabiula Nascimento<\/strong><\/a> e o ator <a href=\"https:\/\/caras.com.br\/tags\/emilio-dantas\" rel=\"nofollow noopener\" target=\"_blank\"><strong>Emilio Dantas<\/strong><\/a> aproveitaram a tarde deste domingo, 2, para um passeio em fam\u00edlia. Eles foram fotografados pelos paparazzi no Rio de Janeiro ap\u00f3s o almo\u00e7o com os filhos g\u00eameos, <strong>Roque<\/strong> e <strong>Raul<\/strong>, de 3 anos, em um restaurante.<\/p>\n<p>Os meninos mostraram o quanto j\u00e1 cresceram e esbanjaram fofura. Inclusive, um deles apareceu com look de super her\u00f3i para o passeio em fam\u00edlia.<\/p>\n<p>Em <a href=\"https:\/\/caras.com.br\/revista\/fabiula-nascimento-fala-dos-desafios-da-mulher-moderna-poder-de-transformacao.phtml\" rel=\"nofollow noopener\" target=\"_blank\">entrevista recente na Revista CARAS<\/a>, Fabiula Nascimento contou sobre a cria\u00e7\u00e3o que est\u00e1 dando para seus meninso. \u201cEu tenho dois meninos, eles t\u00eam 3 anos e j\u00e1 sabem onde fica a roupa suja, sabem trocar a pr\u00f3pria roupa, sabem limpar, sabem colocar as coisas no lugar. Eles s\u00e3o supergentis, eles se viram. Claro que eles s\u00e3o crian\u00e7as, mas eles entendem isso porque na minha casa \u00e9 naturalizado. O Emilio faz tudo, os meninos fazem tudo e eu fa\u00e7o tudo. A gente tem que, cada vez mais, ir para esse lugar, tem que mudar na raiz para n\u00e3o se acostumar a fazer os deveres de todo mundo. Mas a gente tem esse lugar esquisito de puxar as responsabilidades para a gente, porque, \u00e0s vezes, o controle pode te atrapalhar tamb\u00e9m. Tenho o meu parceiro, que \u00e9 maravilhoso, mas tem um monte de defeitos como eu tamb\u00e9m tenho. Mas nesses lugares de equalizar a demanda, principalmente com as crian\u00e7as, \u00e9 o lugar onde ele entra forte. A gente \u00e9 de igual para igual ali. Eu n\u00e3o posso ficar com essa responsabilidade. Mas, mesmo assim, \u00e0s vezes, a vacina eu \u00e9 que sei que tem que dar\u201d, afirmou.<\/p>\n<p> Veja as fotos: <img loading=\"lazy\" decoding=\"async\" class=\"wp-image-1025852 size-full img-fluid lazy\" alt=\"Emilio Dantas e Fabiula Nascimento com os filhos g\u00eameos - Foto: Thiago Martins \/ Agnews\" width=\"1280\" height=\"940\" src=\"https:\/\/www.europesays.com\/pt\/wp-content\/uploads\/2025\/11\/Emilio-Dantas-e-familia-07.jpg\"  \/>Emilio Dantas e Fabiula Nascimento com os filhos g\u00eameos \u2013 Foto: Thiago Martins \/ Agnews <img loading=\"lazy\" decoding=\"async\" class=\"wp-image-1025851 size-full img-fluid lazy\" alt=\"Emilio Dantas e Fabiula Nascimento com os filhos g\u00eameos - Foto: Thiago Martins \/ Agnews\" width=\"786\" height=\"1280\" src=\"https:\/\/www.europesays.com\/pt\/wp-content\/uploads\/2025\/11\/Emilio-Dantas-e-familia-03.jpg\"  \/>Emilio Dantas e Fabiula Nascimento com os filhos g\u00eameos \u2013 Foto: Thiago Martins \/ Agnews <img loading=\"lazy\" decoding=\"async\" class=\"wp-image-1025849 size-full img-fluid lazy\" alt=\"Emilio Dantas e Fabiula Nascimento com os filhos g\u00eameos - Foto: Thiago Martins \/ Agnews\" width=\"836\" height=\"1280\" src=\"https:\/\/www.europesays.com\/pt\/wp-content\/uploads\/2025\/11\/Emilio-Dantas-e-familia-02.jpg\"  \/>Emilio Dantas e Fabiula Nascimento com os filhos g\u00eameos \u2013 Foto: Thiago Martins \/ Agnews <img loading=\"lazy\" decoding=\"async\" class=\"wp-image-1025854 size-full img-fluid lazy\" alt=\"Emilio Dantas e Fabiula Nascimento com os filhos g\u00eameos - Foto: Thiago Martins \/ Agnews\" width=\"914\" height=\"1280\" src=\"https:\/\/www.europesays.com\/pt\/wp-content\/uploads\/2025\/11\/Emilio-Dantas-e-familia-10.jpg\"  \/>Emilio Dantas e Fabiula Nascimento com os filhos g\u00eameos \u2013 Foto: Thiago Martins \/ Agnews <img loading=\"lazy\" decoding=\"async\" class=\"wp-image-1025853 size-full img-fluid lazy\" alt=\"Emilio Dantas e Fabiula Nascimento com os filhos g\u00eameos - Foto: Thiago Martins \/ Agnews\" width=\"858\" height=\"1280\" src=\"https:\/\/www.europesays.com\/pt\/wp-content\/uploads\/2025\/11\/Emilio-Dantas-e-familia-09.jpg\"  \/>Emilio Dantas e Fabiula Nascimento com os filhos g\u00eameos \u2013 Foto: Thiago Martins \/ Agnews <\/p>\n<p><strong>Leia tamb\u00e9m<\/strong>: <a href=\"https:\/\/caras.com.br\/revista\/fabiula-nascimento-fala-sobre-relacao-com-emilio-dantas-a-gente-e-de-igual-para-igual.phtml\" rel=\"nofollow noopener\" target=\"_blank\">Fabiula Nascimento fala sobre rela\u00e7\u00e3o com Emilio Dantas: \u2018A gente \u00e9 de igual para igual\u2019<\/a><\/p>\n<p>        <a href=\"https:\/\/caras.com.br\/autor\/priscilla-comoti\" rel=\"nofollow noopener\" target=\"_blank\">&#13;<br \/>\n          <img alt=\"Priscilla Comoti\" src=\"https:\/\/www.europesays.com\/pt\/wp-content\/uploads\/2025\/11\/1762119494_832_e53883bdf02c542f6517b68879e8cb08b27a1d55c4dfd53577e47d3ab6331a06\"  class=\"avatar avatar-115 photo rounded-circle mr-3\" height=\"115\" width=\"115\" loading=\"lazy\" decoding=\"async\"\/>        <\/a><\/p>\n<p>Priscilla Comoti \u00e9 editora de conte\u00fado do site CARAS. Ela \u00e9 formada em jornalismo e em audiovisual, j\u00e1 passou pelos sites Contigo!, Minha Novela, TiTiTi, Mais Novela e Portal M\u00e1rcia Piovesan. Escreve sobre celebridades, not\u00edcias sobre a fam\u00edlia real brit\u00e2nica, TV, reality show e novelas.<\/p>\n","protected":false},"excerpt":{"rendered":"A atriz Fabiula Nascimento e o ator Emilio Dantas aproveitaram a tarde deste domingo, 2, para um passeio&hellip;\n","protected":false},"author":2,"featured_media":137069,"comment_status":"","ping_status":"","sticky":false,"template":"","format":"standard","meta":{"footnotes":""},"categories":[145],"tags":[211,210,8311,114,115,3811,3812,32,33],"class_list":{"0":"post-137068","1":"post","2":"type-post","3":"status-publish","4":"format-standard","5":"has-post-thumbnail","7":"category-celebridades","8":"tag-celebridades","9":"tag-celebrities","10":"tag-emilio-dantas","11":"tag-entertainment","12":"tag-entretenimento","13":"tag-fabiula-nascimento","14":"tag-filhos-gemeos","15":"tag-portugal","16":"tag-pt"},"share_on_mastodon":{"url":"https:\/\/pubeurope.com\/@pt\/115482271550752440","error":""},"_links":{"self":[{"href":"https:\/\/www.europesays.com\/pt\/wp-json\/wp\/v2\/posts\/137068","targetHints":{"allow":["GET"]}}],"collection":[{"href":"https:\/\/www.europesays.com\/pt\/wp-json\/wp\/v2\/posts"}],"about":[{"href":"https:\/\/www.europesays.com\/pt\/wp-json\/wp\/v2\/types\/post"}],"author":[{"embeddable":true,"href":"https:\/\/www.europesays.com\/pt\/wp-json\/wp\/v2\/users\/2"}],"replies":[{"embeddable":true,"href":"https:\/\/www.europesays.com\/pt\/wp-json\/wp\/v2\/comments?post=137068"}],"version-history":[{"count":0,"href":"https:\/\/www.europesays.com\/pt\/wp-json\/wp\/v2\/posts\/137068\/revisions"}],"wp:featuredmedia":[{"embeddable":true,"href":"https:\/\/www.europesays.com\/pt\/wp-json\/wp\/v2\/media\/137069"}],"wp:attachment":[{"href":"https:\/\/www.europesays.com\/pt\/wp-json\/wp\/v2\/media?parent=137068"}],"wp:term":[{"taxonomy":"category","embeddable":true,"href":"https:\/\/www.europesays.com\/pt\/wp-json\/wp\/v2\/categories?post=137068"},{"taxonomy":"post_tag","embeddable":true,"href":"https:\/\/www.europesays.com\/pt\/wp-json\/wp\/v2\/tags?post=137068"}],"curies":[{"name":"wp","href":"https:\/\/api.w.org\/{rel}","templated":true}]}}