{"id":137097,"date":"2025-11-02T22:12:12","date_gmt":"2025-11-02T22:12:12","guid":{"rendered":"https:\/\/www.europesays.com\/pt\/137097\/"},"modified":"2025-11-02T22:12:12","modified_gmt":"2025-11-02T22:12:12","slug":"fatima-bernardes-e-tulio-gadelha-comemoram-oito-anos-de-namoro","status":"publish","type":"post","link":"https:\/\/www.europesays.com\/pt\/137097\/","title":{"rendered":"F\u00e1tima Bernardes e T\u00falio Gadelha comemoram oito anos de namoro"},"content":{"rendered":"<p>F\u00e1tima Bernardes se declarou para o seu namorado, o deputado federal T\u00falio Gad\u00ealha (Rede-PE), neste domingo (2\/11). Os dois completaram oito anos de relacionamento.<\/p>\n<p>&#8220;E l\u00e1 se v\u00e3o oito anos. Muita coisa mudou desde aqueles primeiros encontros, mas uma coisa permanece: a gente tem pouco tempo para olhar para tr\u00e1s&#8221;, escreveu a apresentadora.<\/p>\n<p>&#8220;Estamos sempre vivendo o momento, o que \u00e9 poss\u00edvel e olhando para frente. Planejando o que pode nos fazer felizes logo ali na frente. Que continue assim, com a gente se fazendo bem. Feliz 8 anos, T\u00falio&#8221;, afirmou.<\/p>\n<blockquote class=\"instagram-media\" style=\"background: #FFF; border: 0; border-radius: 3px; box-shadow: 0 0 1px 0 rgba(0,0,0,0.5),0 1px 10px 0 rgba(0,0,0,0.15); margin: 1px; max-width: 540px; min-width: 326px; padding: 0; width: calc(100% - 2px);\" data-instgrm-captioned=\"\" data-instgrm-permalink=\"https:\/\/www.instagram.com\/reel\/DQjbTw1jqpv\/?utm_source=ig_embed&amp;utm_campaign=loading\" data-instgrm-version=\"14\"><p>&#13;<br \/>\n&#13;\n<\/p><\/blockquote>\n<p>Leia tamb\u00e9m. <a href=\"https:\/\/www.otempo.com.br\/entretenimento\/2025\/11\/1\/william-bonner-da-seu-ultimo-boa-noite-no-jornal-nacional-sob-aplausos-de-equipe\" target=\"_blank\" rel=\"noopener nofollow\">William Bonner d\u00e1 seu \u00faltimo &#8220;boa noite&#8221; no &#8220;Jornal Nacional&#8221; sob aplausos de equipe<\/a><\/p>\n<p>F\u00e1tima Bernardes e T\u00falio Gadelha se conheceram por meio de amigos em comum e, atualmente, costumam fazer apari\u00e7\u00f5es p\u00fablicas com muita frequ\u00eancia.<\/p>\n<p>No in\u00edcio, F\u00e1tima Bernardes admitiu que a diferen\u00e7a de idade a preocupava. F\u00e1tima tem 63 anos, enquanto T\u00falio Gadelha faz 38 anos no pr\u00f3ximo dia 12 de novembro.<\/p>\n<p>&#8220;Confesso que tive um pouquinho de preconceito comigo mesma. A minha filha falou: &#8216;m\u00e3e, voc\u00ea est\u00e1 sendo preconceituosa&#8217;. Senti um pouco de medo, porque eu tinha uma vida t\u00e3o organizada, que ningu\u00e9m falava nada, porque n\u00e3o tinha o que falar&#8221;, disse no programa Assim Como a Gente, do GNT, em 2023.<\/p>\n<p>            <script async src=\"\/\/www.instagram.com\/embed.js\"><\/script><\/p>\n","protected":false},"excerpt":{"rendered":"F\u00e1tima Bernardes se declarou para o seu namorado, o deputado federal T\u00falio Gad\u00ealha (Rede-PE), neste domingo (2\/11). Os&hellip;\n","protected":false},"author":2,"featured_media":137098,"comment_status":"","ping_status":"","sticky":false,"template":"","format":"standard","meta":{"footnotes":""},"categories":[145],"tags":[211,210,114,115,2229,32,33,2230],"class_list":{"0":"post-137097","1":"post","2":"type-post","3":"status-publish","4":"format-standard","5":"has-post-thumbnail","7":"category-celebridades","8":"tag-celebridades","9":"tag-celebrities","10":"tag-entertainment","11":"tag-entretenimento","12":"tag-fatima-bernardes","13":"tag-portugal","14":"tag-pt","15":"tag-tulio-gadelha"},"share_on_mastodon":{"url":"https:\/\/pubeurope.com\/@pt\/115482403912305561","error":""},"_links":{"self":[{"href":"https:\/\/www.europesays.com\/pt\/wp-json\/wp\/v2\/posts\/137097","targetHints":{"allow":["GET"]}}],"collection":[{"href":"https:\/\/www.europesays.com\/pt\/wp-json\/wp\/v2\/posts"}],"about":[{"href":"https:\/\/www.europesays.com\/pt\/wp-json\/wp\/v2\/types\/post"}],"author":[{"embeddable":true,"href":"https:\/\/www.europesays.com\/pt\/wp-json\/wp\/v2\/users\/2"}],"replies":[{"embeddable":true,"href":"https:\/\/www.europesays.com\/pt\/wp-json\/wp\/v2\/comments?post=137097"}],"version-history":[{"count":0,"href":"https:\/\/www.europesays.com\/pt\/wp-json\/wp\/v2\/posts\/137097\/revisions"}],"wp:featuredmedia":[{"embeddable":true,"href":"https:\/\/www.europesays.com\/pt\/wp-json\/wp\/v2\/media\/137098"}],"wp:attachment":[{"href":"https:\/\/www.europesays.com\/pt\/wp-json\/wp\/v2\/media?parent=137097"}],"wp:term":[{"taxonomy":"category","embeddable":true,"href":"https:\/\/www.europesays.com\/pt\/wp-json\/wp\/v2\/categories?post=137097"},{"taxonomy":"post_tag","embeddable":true,"href":"https:\/\/www.europesays.com\/pt\/wp-json\/wp\/v2\/tags?post=137097"}],"curies":[{"name":"wp","href":"https:\/\/api.w.org\/{rel}","templated":true}]}}