{"id":137099,"date":"2025-11-02T22:15:15","date_gmt":"2025-11-02T22:15:15","guid":{"rendered":"https:\/\/www.europesays.com\/pt\/137099\/"},"modified":"2025-11-02T22:15:15","modified_gmt":"2025-11-02T22:15:15","slug":"leonardo-descobre-podre-de-ferette-e-toma-atitude-surpreendente","status":"publish","type":"post","link":"https:\/\/www.europesays.com\/pt\/137099\/","title":{"rendered":"Leonardo descobre podre de Ferette e toma atitude surpreendente"},"content":{"rendered":"<p><a href=\"https:\/\/natelinha.uol.com.br\/novelas\/tres-gracas\/personagem\/zenilda\" rel=\"nofollow noopener\" target=\"_blank\">Zenilda<\/a>Em Tr\u00eas Gra\u00e7as, <a href=\"https:\/\/natelinha.uol.com.br\/novelas\/tres-gracas\/personagem\/leonardo\" rel=\"nofollow noopener\" target=\"_blank\">Leonardo<\/a> (Pedro Novaes) vai descobrir o maior podre de <a href=\"https:\/\/natelinha.uol.com.br\/novelas\/tres-gracas\/personagem\/ferrette\" rel=\"nofollow noopener\" target=\"_blank\">Ferette<\/a> (Murilo Ben\u00edcio). O rapaz toma uma atitude surpreendente ao saber da falsifica\u00e7\u00e3o dos rem\u00e9dios feita pelo pai nos pr\u00f3ximos cap\u00edtulos da novela, exibida \u00e0s 21h na Globo.<\/p>\n<p><a href=\"https:\/\/natelinha.uol.com.br\/novelas\/tres-gracas\/personagem\/misael\" rel=\"nofollow noopener\" target=\"_blank\">Misael<\/a> (Belo) acusa a Funda\u00e7\u00e3o Ferette de vender rem\u00e9dios falsos na frente de Leonardo, sem saber que o rapaz \u00e9 filho do empres\u00e1rio. A f\u00faria do rapaz, que perdeu a mulher por conta das medica\u00e7\u00f5es, \u00e9 contida por <a href=\"https:\/\/natelinha.uol.com.br\/novelas\/tres-gracas\/personagem\/joaquim\" rel=\"nofollow noopener\" target=\"_blank\">Joaquim<\/a> (Marcos Palmeira).<\/p>\n<p>+ <a href=\"https:\/\/natelinha.uol.com.br\/novelas\/2025\/10\/30\/rogerio-esta-vivo-em-tres-gracas-saiba-o-que-aconteceu-com-o-marido-de-arminda-233254.php\" rel=\"nofollow noopener\" target=\"_blank\">Rog\u00e9rio est\u00e1 vivo em Tr\u00eas Gra\u00e7as? Saiba o que aconteceu com o marido de Arminda<\/a><\/p>\n<p>continua depois da publicidade<\/p>\n<p>Envolvida com o rapaz, <a href=\"https:\/\/natelinha.uol.com.br\/novelas\/tres-gracas\/personagem\/viviane\" rel=\"nofollow noopener\" target=\"_blank\">Viviane<\/a> (Gabriela Loran) pede a Leonardo que n\u00e3o considere as palavras de Misael. Em seguida, o vi\u00favo alerta a farmac\u00eautica para a possibilidade de ela virar c\u00famplice na distribui\u00e7\u00e3o de rem\u00e9dios ineficazes.<\/p>\n<p><img decoding=\"async\" loading=\"lazy\" class=\"horizontal\" src=\"https:\/\/www.europesays.com\/pt\/wp-content\/uploads\/2025\/11\/globo-tres-gracas-ferette-murilo-benicio_1726.jpeg\" alt=\"Tr\u00eas Gra\u00e7as: Leonardo descobre podre de Ferette e toma atitude surpreendente\"\/><\/p>\n<p>Leonardo conta a Ferette que um homem acusou a farm\u00e1cia da funda\u00e7\u00e3o pela morte das pessoas da Chacrinha. O jovem fica horrorizado quando o pai assume que fabrica rem\u00e9dios falsos.<\/p>\n<p>O marido de Zenilda (Andreia Horta)\u00a0ainda deixa claro ao filho que, se ele n\u00e3o aceitar herdar a Casa de Farinha, deixar\u00e1 de fazer parte da fam\u00edlia.<\/p>\n<p>Na sequ\u00eancia decisiva, Leonardo toma uma atitude chocante. Ele revela a Ferette que pretende assumir a dire\u00e7\u00e3o da funda\u00e7\u00e3o e seguir fielmente a orienta\u00e7\u00e3o do pai, pouco se importando com as trag\u00e9dias que poder\u00e3o ocorrer com a distribui\u00e7\u00e3o de rem\u00e9dios falsos.<\/p>\n<p>continua depois da publicidade<\/p>\n<p>+ <a href=\"https:\/\/natelinha.uol.com.br\/novelas\/2025\/10\/29\/gerluce-fica-rica-em-tres-gracas-mocinha-bota-as-maos-em-fortuna-233195.php\" rel=\"nofollow noopener\" target=\"_blank\">Gerluce fica rica em Tr\u00eas Gra\u00e7as? Mocinha bota as m\u00e3os em fortuna<\/a><\/p>\n<p>+ <a href=\"https:\/\/natelinha.uol.com.br\/novelas\/2025\/10\/29\/com-joelly-tres-gracas-resgata-trama-cortada-de-maria-de-fatima-em-vale-tudo-233189.php\" rel=\"nofollow noopener\" target=\"_blank\">Com Jo\u00e9lly, Tr\u00eas Gra\u00e7as resgata trama cortada de Maria de F\u00e1tima em Vale Tudo<\/a><\/p>\n<p><a href=\"https:\/\/natelinha.uol.com.br\/novelas\/tres-gracas\" rel=\"nofollow noopener\" target=\"_blank\">Tr\u00eas Gra\u00e7as<\/a> \u00e9 uma novela criada e escrita por Aguinaldo Silva, Virg\u00edlio Silva e Z\u00e9 Dassilva, com dire\u00e7\u00e3o art\u00edstica de Luiz Henrique Rios e produ\u00e7\u00e3o de Gustavo Rebelo e Silvana Feu. A dire\u00e7\u00e3o de g\u00eanero \u00e9 de Jos\u00e9 Luiz Villamarim.<\/p>\n<p>O <strong>NaTelinha<\/strong> divulga todos os dias os resumos dos cap\u00edtulos, detalhes dos personagens, entrevistas exclusivas com o elenco e spoilers da novela Tr\u00eas Gra\u00e7as. <a href=\"https:\/\/natelinha.uol.com.br\/novelas\" rel=\"nofollow noopener\" target=\"_blank\">Confira!<\/a><\/p>\n<p>\u00a0<\/p>\n","protected":false},"excerpt":{"rendered":"ZenildaEm Tr\u00eas Gra\u00e7as, Leonardo (Pedro Novaes) vai descobrir o maior podre de Ferette (Murilo Ben\u00edcio). O rapaz toma&hellip;\n","protected":false},"author":2,"featured_media":137100,"comment_status":"","ping_status":"","sticky":false,"template":"","format":"standard","meta":{"footnotes":""},"categories":[142],"tags":[114,115,753,30704,4384,32,33,4376,151],"class_list":{"0":"post-137099","1":"post","2":"type-post","3":"status-publish","4":"format-standard","5":"has-post-thumbnail","7":"category-tv","8":"tag-entertainment","9":"tag-entretenimento","10":"tag-globo","11":"tag-leo-tres-gracas","12":"tag-pedro-novaes","13":"tag-portugal","14":"tag-pt","15":"tag-tres-gracas","16":"tag-tv"},"share_on_mastodon":{"url":"https:\/\/pubeurope.com\/@pt\/115482416000991258","error":""},"_links":{"self":[{"href":"https:\/\/www.europesays.com\/pt\/wp-json\/wp\/v2\/posts\/137099","targetHints":{"allow":["GET"]}}],"collection":[{"href":"https:\/\/www.europesays.com\/pt\/wp-json\/wp\/v2\/posts"}],"about":[{"href":"https:\/\/www.europesays.com\/pt\/wp-json\/wp\/v2\/types\/post"}],"author":[{"embeddable":true,"href":"https:\/\/www.europesays.com\/pt\/wp-json\/wp\/v2\/users\/2"}],"replies":[{"embeddable":true,"href":"https:\/\/www.europesays.com\/pt\/wp-json\/wp\/v2\/comments?post=137099"}],"version-history":[{"count":0,"href":"https:\/\/www.europesays.com\/pt\/wp-json\/wp\/v2\/posts\/137099\/revisions"}],"wp:featuredmedia":[{"embeddable":true,"href":"https:\/\/www.europesays.com\/pt\/wp-json\/wp\/v2\/media\/137100"}],"wp:attachment":[{"href":"https:\/\/www.europesays.com\/pt\/wp-json\/wp\/v2\/media?parent=137099"}],"wp:term":[{"taxonomy":"category","embeddable":true,"href":"https:\/\/www.europesays.com\/pt\/wp-json\/wp\/v2\/categories?post=137099"},{"taxonomy":"post_tag","embeddable":true,"href":"https:\/\/www.europesays.com\/pt\/wp-json\/wp\/v2\/tags?post=137099"}],"curies":[{"name":"wp","href":"https:\/\/api.w.org\/{rel}","templated":true}]}}