{"id":137134,"date":"2025-11-02T22:48:33","date_gmt":"2025-11-02T22:48:33","guid":{"rendered":"https:\/\/www.europesays.com\/pt\/137134\/"},"modified":"2025-11-02T22:48:33","modified_gmt":"2025-11-02T22:48:33","slug":"i-liga-fc-porto-sc-braga","status":"publish","type":"post","link":"https:\/\/www.europesays.com\/pt\/137134\/","title":{"rendered":"I Liga. FC Porto- SC Braga"},"content":{"rendered":"<p itemprop=\"description\" class=\"article-lead\">\n      O l\u00edder FC Porto venceu hoje na rece\u00e7\u00e3o ao Sporting de Braga, por 2-1, na 10.\u00aa jornada da I Liga portuguesa de futebol, e manteve a vantagem na frente para os rivais.&#13;<\/p>\n<p>      <img decoding=\"async\" itemprop=\"url\" alt=\"\" class=\"img-fluid\"  src=\"https:\/\/www.europesays.com\/pt\/wp-content\/uploads\/2025\/11\/860e8be16d14d960666d2d571330dbc3\" \/><\/p>\n<p>                        O l\u00edder FC Porto venceu hoje na rece\u00e7\u00e3o ao Sporting de Braga e mantem a vantagem na frente do campeonato&#13;<\/p>\n<p>              | Lusa &#13;<\/p>\n<p>No Est\u00e1dio do Drag\u00e3o, o FC Porto adiantou-se no marcador aos 45 minutos, num remate de Samu, com a bola a desviar a sua trajet\u00f3ria depois de tabelar em Rodrigo Mora, sendo o golo atribu\u00eddo pela Liga ao m\u00e9dio portugu\u00eas.<\/p>\n<p>J\u00e1 na segunda parte, o defesa espanhol V\u00edctor Gomez, aos 51 minutos, restabeleceu a igualdade, mas o seu compatriota Borja Sainz, aos 79, colocou de novo os \u2018drag\u00f5es\u2019 na frente.<\/p>\n<p>Com este triunfo, o segundo consecutivo, o FC Porto continua a liderar de forma isolada, com 28 pontos, mais tr\u00eas do que o Sporting, segundo, e quatro do que o Benfica, terceiro, enquanto o Sporting de Braga voltou \u00e0s derrotas e \u00e9 s\u00e9timo, com 13.&#13;<\/p>\n","protected":false},"excerpt":{"rendered":"O l\u00edder FC Porto venceu hoje na rece\u00e7\u00e3o ao Sporting de Braga, por 2-1, na 10.\u00aa jornada da&hellip;\n","protected":false},"author":2,"featured_media":137135,"comment_status":"","ping_status":"","sticky":false,"template":"","format":"standard","meta":{"footnotes":""},"categories":[87],"tags":[135,13,32,33,420,421,134],"class_list":{"0":"post-137134","1":"post","2":"type-post","3":"status-publish","4":"format-standard","5":"has-post-thumbnail","7":"category-desporto","8":"tag-desporto","9":"tag-noticias","10":"tag-portugal","11":"tag-pt","12":"tag-rtp","13":"tag-rtp-noticias","14":"tag-sports"},"share_on_mastodon":{"url":"https:\/\/pubeurope.com\/@pt\/115482545764635870","error":""},"_links":{"self":[{"href":"https:\/\/www.europesays.com\/pt\/wp-json\/wp\/v2\/posts\/137134","targetHints":{"allow":["GET"]}}],"collection":[{"href":"https:\/\/www.europesays.com\/pt\/wp-json\/wp\/v2\/posts"}],"about":[{"href":"https:\/\/www.europesays.com\/pt\/wp-json\/wp\/v2\/types\/post"}],"author":[{"embeddable":true,"href":"https:\/\/www.europesays.com\/pt\/wp-json\/wp\/v2\/users\/2"}],"replies":[{"embeddable":true,"href":"https:\/\/www.europesays.com\/pt\/wp-json\/wp\/v2\/comments?post=137134"}],"version-history":[{"count":0,"href":"https:\/\/www.europesays.com\/pt\/wp-json\/wp\/v2\/posts\/137134\/revisions"}],"wp:featuredmedia":[{"embeddable":true,"href":"https:\/\/www.europesays.com\/pt\/wp-json\/wp\/v2\/media\/137135"}],"wp:attachment":[{"href":"https:\/\/www.europesays.com\/pt\/wp-json\/wp\/v2\/media?parent=137134"}],"wp:term":[{"taxonomy":"category","embeddable":true,"href":"https:\/\/www.europesays.com\/pt\/wp-json\/wp\/v2\/categories?post=137134"},{"taxonomy":"post_tag","embeddable":true,"href":"https:\/\/www.europesays.com\/pt\/wp-json\/wp\/v2\/tags?post=137134"}],"curies":[{"name":"wp","href":"https:\/\/api.w.org\/{rel}","templated":true}]}}