{"id":137171,"date":"2025-11-02T23:24:08","date_gmt":"2025-11-02T23:24:08","guid":{"rendered":"https:\/\/www.europesays.com\/pt\/137171\/"},"modified":"2025-11-02T23:24:08","modified_gmt":"2025-11-02T23:24:08","slug":"rafael-vitti-completa-30-anos-e-ganha-declaracao-de-tata-werneck","status":"publish","type":"post","link":"https:\/\/www.europesays.com\/pt\/137171\/","title":{"rendered":"Rafael Vitti completa 30 anos e ganha declara\u00e7\u00e3o de Tat\u00e1 Werneck"},"content":{"rendered":"<p><strong>Rafael Vitti<\/strong> completa 30 anos neste domingo (2). Para celebrar a data, o ator ganhou uma homenagem especial de sua esposa, <strong>Tat\u00e1 Werneck<\/strong>, nas redes sociais.\u00a0<\/p>\n<p>&#8220;Meu parceiro de vida faz anivers\u00e1rio hoje. E ele segue plantando mudas pela casa. Segue plantando jabuticaba, amora, lim\u00e3o, nhame&#8230;cheirando as folhinhas de manjeric\u00e3o de cal\u00e7a jeans, bota e uma blusa que n\u00e3o combina. Ele cuidou muito bem do jardim&#8221;, come\u00e7ou a apresentadora do\u00a0<strong>Lady Night<\/strong>.<\/p>\n<p>A humorista continuou: &#8220;Ele sabe ser sol e sabe podar delicadamente quando precisa. Sabe molhar a terra e cavar fundo pra crescer. J\u00e1 n\u00e3o estou mais falando de jardim. E espero que sua vida seja florida e frut\u00edfera. Colorida e pr\u00f3spera. Tenha harmonia e paz. E sei que \u00e9 o que voc\u00ea ir\u00e1 colher. Porque foi isso que voc\u00ea plantou. E como um produtor generoso, de bom grado, divide conosco&#8221;.<\/p>\n<p>&#8220;Ser casada com um reflorestador \u00e9 divino. Temos o que precisamos, inclusive a jabuticabinha mais linda. Que passemos muitos anos colhendo amores (as) juntos no jardim. Te amo&#8221;, concluiu <strong>Tat\u00e1 Werneck<\/strong> na legenda de um \u00e1lbum de fotos do casal compartilhado no Instagram.\u00a0<\/p>\n<p><strong>Rafael Vitti\u00a0<\/strong>e <strong>Tat\u00e1 Werneck\u00a0<\/strong>est\u00e3o juntos desde de 2019 e s\u00e3o pais de\u00a0<strong>Clara Maria<\/strong>, de seis anos.<\/p>\n<p>Confira:<\/p>\n<blockquote class=\"instagram-media\" style=\"background: #FFF; border: 0; border-radius: 3px; box-shadow: 0 0 1px 0 rgba(0,0,0,0.5),0 1px 10px 0 rgba(0,0,0,0.15); margin: 1px; max-width: 540px; min-width: 326px; padding: 0; width: calc(100% - 2px);\" data-instgrm-captioned=\"\" data-instgrm-permalink=\"https:\/\/www.instagram.com\/p\/DQjm8tPESz0\/?utm_source=ig_embed&amp;utm_campaign=loading\" data-instgrm-version=\"14\"><p>&#13;<br \/>\n&#13;\n<\/p><\/blockquote>\n<p>            <script async src=\"\/\/www.instagram.com\/embed.js\"><\/script><\/p>\n","protected":false},"excerpt":{"rendered":"Rafael Vitti completa 30 anos neste domingo (2). Para celebrar a data, o ator ganhou uma homenagem especial&hellip;\n","protected":false},"author":2,"featured_media":137172,"comment_status":"","ping_status":"","sticky":false,"template":"","format":"standard","meta":{"footnotes":""},"categories":[145],"tags":[211,210,114,115,32,33,6466,1136],"class_list":{"0":"post-137171","1":"post","2":"type-post","3":"status-publish","4":"format-standard","5":"has-post-thumbnail","7":"category-celebridades","8":"tag-celebridades","9":"tag-celebrities","10":"tag-entertainment","11":"tag-entretenimento","12":"tag-portugal","13":"tag-pt","14":"tag-rafael-vitti","15":"tag-tata-werneck"},"share_on_mastodon":{"url":"https:\/\/pubeurope.com\/@pt\/115482687105912656","error":""},"_links":{"self":[{"href":"https:\/\/www.europesays.com\/pt\/wp-json\/wp\/v2\/posts\/137171","targetHints":{"allow":["GET"]}}],"collection":[{"href":"https:\/\/www.europesays.com\/pt\/wp-json\/wp\/v2\/posts"}],"about":[{"href":"https:\/\/www.europesays.com\/pt\/wp-json\/wp\/v2\/types\/post"}],"author":[{"embeddable":true,"href":"https:\/\/www.europesays.com\/pt\/wp-json\/wp\/v2\/users\/2"}],"replies":[{"embeddable":true,"href":"https:\/\/www.europesays.com\/pt\/wp-json\/wp\/v2\/comments?post=137171"}],"version-history":[{"count":0,"href":"https:\/\/www.europesays.com\/pt\/wp-json\/wp\/v2\/posts\/137171\/revisions"}],"wp:featuredmedia":[{"embeddable":true,"href":"https:\/\/www.europesays.com\/pt\/wp-json\/wp\/v2\/media\/137172"}],"wp:attachment":[{"href":"https:\/\/www.europesays.com\/pt\/wp-json\/wp\/v2\/media?parent=137171"}],"wp:term":[{"taxonomy":"category","embeddable":true,"href":"https:\/\/www.europesays.com\/pt\/wp-json\/wp\/v2\/categories?post=137171"},{"taxonomy":"post_tag","embeddable":true,"href":"https:\/\/www.europesays.com\/pt\/wp-json\/wp\/v2\/tags?post=137171"}],"curies":[{"name":"wp","href":"https:\/\/api.w.org\/{rel}","templated":true}]}}