{"id":137185,"date":"2025-11-02T23:41:08","date_gmt":"2025-11-02T23:41:08","guid":{"rendered":"https:\/\/www.europesays.com\/pt\/137185\/"},"modified":"2025-11-02T23:41:08","modified_gmt":"2025-11-02T23:41:08","slug":"flavio-furtado-faz-confissao-sobre-noite-polemica-no-secret-story-parei-na-autoestrada-secret-story","status":"publish","type":"post","link":"https:\/\/www.europesays.com\/pt\/137185\/","title":{"rendered":"Fl\u00e1vio Furtado faz confiss\u00e3o sobre noite pol\u00e9mica no Secret Story: \u00abParei na autoestrada\u00bb &#8211; Secret Story"},"content":{"rendered":"<p>No Secret Story 9, Fl\u00e1vio Furtado faz uma confiss\u00e3o sobre a noite mais tensa e pol\u00e9mica desta edi\u00e7\u00e3o: \u00abParei na autoestrada\u00bb.\u00a0<\/p>\n<p>Isto acontece na <a href=\"https:\/\/tvi.iol.pt\/secretstory\/cristina-ferreira\/gala\/o-encontro-a-sos-mais-aguardado-numa-gala-de-cortar-a-respiracao-isto-e-tudo-o-que-pode-esperar\" rel=\"nofollow noopener\" target=\"_blank\">grande gala do Secret Story 9 <\/a>que conta com muitas emo\u00e7\u00f5es e surpresas \u00abde cortar a respira\u00e7\u00e3o\u00bb. Esta noite os concorrentes t\u00eam acesso a uma l\u00e2mpada m\u00e1gica capaz de realizar os desejos mais ambicionados. Para al\u00e9m disso, hoje o expulso tem um \u00faltimo valioso poder em m\u00e3os.<\/p>\n<p>A dois meses da Grande Final, os concorrentes dizem quem n\u00e3o merece estar na corrida \u00e0 vit\u00f3ria. Todas as decis\u00f5es t\u00eam consequ\u00eancias e, por \u00faltimo, mas n\u00e3o menos importante, \u00abesta noite, Pedro e Marisa voltam a reencontrar-se a s\u00f3s!<\/p>\n<p><a href=\"https:\/\/tvi.iol.pt\/secretstory\/aominuto\" rel=\"nofollow noopener\" target=\"_blank\">Acompanhe aqui tudo o que se passa na casa ao minuto!<\/a><\/p>\n","protected":false},"excerpt":{"rendered":"No Secret Story 9, Fl\u00e1vio Furtado faz uma confiss\u00e3o sobre a noite mais tensa e pol\u00e9mica desta edi\u00e7\u00e3o:&hellip;\n","protected":false},"author":2,"featured_media":137186,"comment_status":"","ping_status":"","sticky":false,"template":"","format":"standard","meta":{"footnotes":""},"categories":[142],"tags":[19230,19231,114,115,15559,19229,32,33,151],"class_list":{"0":"post-137185","1":"post","2":"type-post","3":"status-publish","4":"format-standard","5":"has-post-thumbnail","7":"category-tv","8":"tag-analises-tvi","9":"tag-debates-casa-dos-segredos","10":"tag-entertainment","11":"tag-entretenimento","12":"tag-flavio-furtado","13":"tag-opiniao-comentadores","14":"tag-portugal","15":"tag-pt","16":"tag-tv"},"share_on_mastodon":{"url":"https:\/\/pubeurope.com\/@pt\/115482753983783393","error":""},"_links":{"self":[{"href":"https:\/\/www.europesays.com\/pt\/wp-json\/wp\/v2\/posts\/137185","targetHints":{"allow":["GET"]}}],"collection":[{"href":"https:\/\/www.europesays.com\/pt\/wp-json\/wp\/v2\/posts"}],"about":[{"href":"https:\/\/www.europesays.com\/pt\/wp-json\/wp\/v2\/types\/post"}],"author":[{"embeddable":true,"href":"https:\/\/www.europesays.com\/pt\/wp-json\/wp\/v2\/users\/2"}],"replies":[{"embeddable":true,"href":"https:\/\/www.europesays.com\/pt\/wp-json\/wp\/v2\/comments?post=137185"}],"version-history":[{"count":0,"href":"https:\/\/www.europesays.com\/pt\/wp-json\/wp\/v2\/posts\/137185\/revisions"}],"wp:featuredmedia":[{"embeddable":true,"href":"https:\/\/www.europesays.com\/pt\/wp-json\/wp\/v2\/media\/137186"}],"wp:attachment":[{"href":"https:\/\/www.europesays.com\/pt\/wp-json\/wp\/v2\/media?parent=137185"}],"wp:term":[{"taxonomy":"category","embeddable":true,"href":"https:\/\/www.europesays.com\/pt\/wp-json\/wp\/v2\/categories?post=137185"},{"taxonomy":"post_tag","embeddable":true,"href":"https:\/\/www.europesays.com\/pt\/wp-json\/wp\/v2\/tags?post=137185"}],"curies":[{"name":"wp","href":"https:\/\/api.w.org\/{rel}","templated":true}]}}