{"id":137223,"date":"2025-11-03T00:27:28","date_gmt":"2025-11-03T00:27:28","guid":{"rendered":"https:\/\/www.europesays.com\/pt\/137223\/"},"modified":"2025-11-03T00:27:28","modified_gmt":"2025-11-03T00:27:28","slug":"sinais-de-alerta-ainda-sao-desconhecidos-de-grande-maioria-da-populacao-do-pais","status":"publish","type":"post","link":"https:\/\/www.europesays.com\/pt\/137223\/","title":{"rendered":"Sinais de alerta ainda s\u00e3o desconhecidos de grande maioria da popula\u00e7\u00e3o do pa\u00eds"},"content":{"rendered":"<p>\t\t\t\t\t<a class=\"eb-image-viewport\"><br \/>\n\t\t\t\t\t<img decoding=\"async\" src=\"https:\/\/www.europesays.com\/pt\/wp-content\/uploads\/2025\/11\/b2ap3_large_Dra.-Fabiana.jpg\"\/><br \/>\n\t\t<\/a><\/p>\n<p>\n\t\t\tA Dra. Fabiana Braga \u00e9 cardiologista e pesquisadora do Centro Internacional de Pesquisa Cl\u00ednica. Foto- Divulga\u00e7\u00e3o\/AI\n\t\t<\/p>\n<p>A insufici\u00eancia card\u00edaca \u00e9 uma condi\u00e7\u00e3o cr\u00f4nica e progressiva que afeta a capacidade do cora\u00e7\u00e3o de bombear sangue adequadamente para o corpo. No Brasil, estima-se que existam cerca de 2 milh\u00f5es de pessoas vivendo com a doen\u00e7a, com 240 mil novos casos diagnosticados a cada ano. Apesar de comum, a doen\u00e7a ainda \u00e9 pouco compreendida pela popula\u00e7\u00e3o, o que dificulta o diagn\u00f3stico precoce e o tratamento adequado.<\/p>\n<p><a href=\"https:\/\/whatsapp.com\/channel\/0029VaAdlTM7z4koWTmyfw3H\" title=\"\" class=\"\" target=\"_blank\" rel=\"noopener noreferrer nofollow\">Clique aqui para participar do canal do <strong>Di\u00e1rio de Jacare\u00ed <\/strong>no WhatsApp e receber not\u00edcias em tempo real.<\/a><\/p>\n<p> Os principais sintomas incluem falta de ar, cansa\u00e7o extremo, incha\u00e7o nas pernas e ganho de peso por reten\u00e7\u00e3o de l\u00edquidos. A doen\u00e7a \u00e9 frequentemente consequ\u00eancia de outras condi\u00e7\u00f5es como hipertens\u00e3o arterial, diabetes, infarto, doen\u00e7as das v\u00e1lvulas card\u00edacas e cardiomiopatias.<\/p>\n<p>Segundo a cardiologista e pesquisadora do Centro Internacional de Pesquisa Cl\u00ednica (CIPES), Dra. Fabiana Marcondes Braga, a insufici\u00eancia card\u00edaca geralmente \u00e9 consequ\u00eancia de outras doen\u00e7as como hipertens\u00e3o arterial, diabetes, infarto, AVC e doen\u00e7a arterial perif\u00e9rica (DAP). &#8220;Por isso, o acompanhamento m\u00e9dico cont\u00ednuo e o acesso a tratamentos eficazes s\u00e3o fundamentais para melhorar a qualidade de vida dos pacientes&#8221;, disse.<\/p>\n<p>Diante da alta preval\u00eancia e impacto no bem-estar dos pacientes, um estudo cl\u00ednico do CIPES, busca novos caminhos terap\u00eauticos e oferece tratamento sem custo para pessoas com hist\u00f3rico cardiovascular.<\/p>\n<p>&#8220;Esse estudo \u00e9 uma oportunidade para pacientes que convivem com os fatores de risco da IC, terem acesso a tratamento de ponta que pode evitar o desenvolvimento da insufici\u00eancia card\u00edaca ainda contribuir com o desenvolvimento da ci\u00eancia&#8221;, destaca Dra. Fabiana.<\/p>\n<p><b data-redactor-tag=\"b\">COMO PARTICIPAR<br \/><\/b>Para participar o volunt\u00e1rio deve ter 40 anos ou mais, ter diabetes, hipertens\u00e3o arterial e que j\u00e1 ter passado por eventos cardiovasculares, como infarto, acidente vascular cerebral, doen\u00e7a arterial perif\u00e9rica, coloca\u00e7\u00e3o de Stent ou amputa\u00e7\u00f5es por causas vasculares.<\/p>\n<p>Os volunt\u00e1rios selecionados receber\u00e3o consultas m\u00e9dicas regulares, acompanhamento especializado e medicamentos de alto custo sem nenhum custo. De acordo com a institui\u00e7\u00e3o, o estudo \u00e9 conduzido com total seguran\u00e7a, seguindo protocolos rigorosos aprovados por comit\u00eas de \u00e9tica e \u00f3rg\u00e3os reguladores como a ANVISA e a CONEP. A participa\u00e7\u00e3o \u00e9 volunt\u00e1ria e representa uma oportunidade de acesso a tratamentos inovadores, al\u00e9m de contribuir para o avan\u00e7o da ci\u00eancia m\u00e9dica.<\/p>\n<p><b data-redactor-tag=\"b\">COMO PARTICIPAR<br \/><\/b>Os atendimentos s\u00e3o realizados na sede do CIPES, localizada no Vale Sul Shopping, em S\u00e3o Jos\u00e9 dos Campos (SP), mediante agendamento.<\/p>\n<p><b data-redactor-tag=\"b\">SOBRE O CIPES<br \/><\/b>O Centro Internacional de Pesquisa Cl\u00ednica \u2013 CIPES surgiu com a idealiza\u00e7\u00e3o de um grupo de m\u00e9dicos consolidados em S\u00e3o Jos\u00e9 dos Campos, que se uniram com o objetivo de trazer novos tratamentos em desenvolvimento para a popula\u00e7\u00e3o. O centro conta com uma estrutura moderna, equipe m\u00e9dica e de pesquisadores altamente qualificada e tem a responsabilidade de estar alinhado com as diretrizes \u00e9ticas dos \u00f3rg\u00e3os competentes, mantendo sempre a seguran\u00e7a e integridade dos participantes.\u00a0<\/p>\n","protected":false},"excerpt":{"rendered":"A Dra. Fabiana Braga \u00e9 cardiologista e pesquisadora do Centro Internacional de Pesquisa Cl\u00ednica. Foto- Divulga\u00e7\u00e3o\/AI A insufici\u00eancia&hellip;\n","protected":false},"author":2,"featured_media":137224,"comment_status":"","ping_status":"","sticky":false,"template":"","format":"standard","meta":{"footnotes":""},"categories":[86],"tags":[2732,116,32,33,117],"class_list":{"0":"post-137223","1":"post","2":"type-post","3":"status-publish","4":"format-standard","5":"has-post-thumbnail","7":"category-saude","8":"tag-geral","9":"tag-health","10":"tag-portugal","11":"tag-pt","12":"tag-saude"},"share_on_mastodon":{"url":"https:\/\/pubeurope.com\/@pt\/115482934938422221","error":""},"_links":{"self":[{"href":"https:\/\/www.europesays.com\/pt\/wp-json\/wp\/v2\/posts\/137223","targetHints":{"allow":["GET"]}}],"collection":[{"href":"https:\/\/www.europesays.com\/pt\/wp-json\/wp\/v2\/posts"}],"about":[{"href":"https:\/\/www.europesays.com\/pt\/wp-json\/wp\/v2\/types\/post"}],"author":[{"embeddable":true,"href":"https:\/\/www.europesays.com\/pt\/wp-json\/wp\/v2\/users\/2"}],"replies":[{"embeddable":true,"href":"https:\/\/www.europesays.com\/pt\/wp-json\/wp\/v2\/comments?post=137223"}],"version-history":[{"count":0,"href":"https:\/\/www.europesays.com\/pt\/wp-json\/wp\/v2\/posts\/137223\/revisions"}],"wp:featuredmedia":[{"embeddable":true,"href":"https:\/\/www.europesays.com\/pt\/wp-json\/wp\/v2\/media\/137224"}],"wp:attachment":[{"href":"https:\/\/www.europesays.com\/pt\/wp-json\/wp\/v2\/media?parent=137223"}],"wp:term":[{"taxonomy":"category","embeddable":true,"href":"https:\/\/www.europesays.com\/pt\/wp-json\/wp\/v2\/categories?post=137223"},{"taxonomy":"post_tag","embeddable":true,"href":"https:\/\/www.europesays.com\/pt\/wp-json\/wp\/v2\/tags?post=137223"}],"curies":[{"name":"wp","href":"https:\/\/api.w.org\/{rel}","templated":true}]}}