{"id":137278,"date":"2025-11-03T01:21:08","date_gmt":"2025-11-03T01:21:08","guid":{"rendered":"https:\/\/www.europesays.com\/pt\/137278\/"},"modified":"2025-11-03T01:21:08","modified_gmt":"2025-11-03T01:21:08","slug":"viral-mariana-descobre-que-marisa-e-pedro-sao-um-casal-e-tem-reacao-unica-secret-story","status":"publish","type":"post","link":"https:\/\/www.europesays.com\/pt\/137278\/","title":{"rendered":"Viral: Mariana descobre que Marisa e Pedro s\u00e3o um casal e tem rea\u00e7\u00e3o \u00fanica &#8211; Secret Story"},"content":{"rendered":"<p style=\"margin-bottom:11px\">O momento mais esperado da gala do Secret Story chegou. Ap\u00f3s ser expulsa, Mariana foi confrontada com o segredo da casa que mais tem dado que falar: que Marisa e Pedro s\u00e3o um casal verdadeiro.<\/p>\n<p>Cristina Ferreira avan\u00e7ou a primeira pista e, ainda antes de saber toda a verdade, Mariana acabou a adivinhar aquele que \u00e9 o segredo mais medi\u00e1tico do programa. Por isso,<a href=\"https:\/\/tvi.iol.pt\/secretstory\/videos\/todos-querem-ver-mariana-fica-a-saber-que-marisa-e-pedro-sao-um-casal-e-e-a-primeira-a-reagir-assim\/6907f9d20cf2c7eb24443fd1\" rel=\"nofollow noopener\" target=\"_blank\"> a sua rea\u00e7\u00e3o foi \u00fanica.<\/a><\/p>\n<p>\u00abDesconfiei\u00bb, admitiu Mariana, mostrando-se de boca aberta.<\/p>\n<p><strong>Veja aqui o v\u00eddeo do momento mais viral desta gala do Secret Story.<\/strong><\/p>\n","protected":false},"excerpt":{"rendered":"O momento mais esperado da gala do Secret Story chegou. Ap\u00f3s ser expulsa, Mariana foi confrontada com o&hellip;\n","protected":false},"author":2,"featured_media":137279,"comment_status":"","ping_status":"","sticky":false,"template":"","format":"standard","meta":{"footnotes":""},"categories":[142],"tags":[114,115,884,19184,19795,14646,32,33,19793,19794,151],"class_list":{"0":"post-137278","1":"post","2":"type-post","3":"status-publish","4":"format-standard","5":"has-post-thumbnail","7":"category-tv","8":"tag-entertainment","9":"tag-entretenimento","10":"tag-mariana","11":"tag-marisa","12":"tag-misterios-reality-show-tvi","13":"tag-pedro","14":"tag-portugal","15":"tag-pt","16":"tag-segredos-concorrentes","17":"tag-segredos-revelados","18":"tag-tv"},"share_on_mastodon":{"url":"https:\/\/pubeurope.com\/@pt\/115483147178676796","error":""},"_links":{"self":[{"href":"https:\/\/www.europesays.com\/pt\/wp-json\/wp\/v2\/posts\/137278","targetHints":{"allow":["GET"]}}],"collection":[{"href":"https:\/\/www.europesays.com\/pt\/wp-json\/wp\/v2\/posts"}],"about":[{"href":"https:\/\/www.europesays.com\/pt\/wp-json\/wp\/v2\/types\/post"}],"author":[{"embeddable":true,"href":"https:\/\/www.europesays.com\/pt\/wp-json\/wp\/v2\/users\/2"}],"replies":[{"embeddable":true,"href":"https:\/\/www.europesays.com\/pt\/wp-json\/wp\/v2\/comments?post=137278"}],"version-history":[{"count":0,"href":"https:\/\/www.europesays.com\/pt\/wp-json\/wp\/v2\/posts\/137278\/revisions"}],"wp:featuredmedia":[{"embeddable":true,"href":"https:\/\/www.europesays.com\/pt\/wp-json\/wp\/v2\/media\/137279"}],"wp:attachment":[{"href":"https:\/\/www.europesays.com\/pt\/wp-json\/wp\/v2\/media?parent=137278"}],"wp:term":[{"taxonomy":"category","embeddable":true,"href":"https:\/\/www.europesays.com\/pt\/wp-json\/wp\/v2\/categories?post=137278"},{"taxonomy":"post_tag","embeddable":true,"href":"https:\/\/www.europesays.com\/pt\/wp-json\/wp\/v2\/tags?post=137278"}],"curies":[{"name":"wp","href":"https:\/\/api.w.org\/{rel}","templated":true}]}}