{"id":137382,"date":"2025-11-03T03:23:27","date_gmt":"2025-11-03T03:23:27","guid":{"rendered":"https:\/\/www.europesays.com\/pt\/137382\/"},"modified":"2025-11-03T03:23:27","modified_gmt":"2025-11-03T03:23:27","slug":"custa-90-milhoes-de-euros","status":"publish","type":"post","link":"https:\/\/www.europesays.com\/pt\/137382\/","title":{"rendered":"custa 90 milh\u00f5es de euros"},"content":{"rendered":"<p>&#8211; Advertisement &#8211;<\/p>\n<p><strong>O Chelsea est\u00e1 a trabalhar na contrata\u00e7\u00e3o de Kenan Yildiz, jogador que representa a Juventus e est\u00e1 a ser um dos destaques desta \u00e9poca.<\/strong><\/p>\n<p>Kenan Yildiz pode trocar a Juventus pelo Chelsea num dos pr\u00f3ximos mercados de transfer\u00eancias. A informa\u00e7\u00e3o est\u00e1 a ser avan\u00e7ada pelo Team Talk, que indica que o emblema ingl\u00eas est\u00e1 a analisar as partidas do turco e prepara uma oferta para garantir a estrela da equipa de Turim.<\/p>\n<p>A mesma fonte de informa\u00e7\u00e3o revela que Kenan Yildiz teria um custo de 90 milh\u00f5es de euros, o que faria com que o extremo passasse a ser um dos maiores neg\u00f3cios desta temporada.<\/p>\n<p>Kenan Yildiz tem apenas 20 anos e na presente temporada soma 12 encontros, com tr\u00eas golos e quatro assist\u00eancias. O seu contrato finaliza em 2029. <a href=\"https:\/\/bolanarede.pt\/especial-bola-na-rede\/atualidade\/xabi-alonso-quer-trazer-craque-para-o-real-madrid-esta-disposto-a-deixar-sair-qualquer-um-para-contrata-lo-exceto-mbappe\/\" target=\"_blank\" rel=\"noreferrer noopener nofollow\">O jogador est\u00e1 a ser igualmente relacionado com o Real Madrid<\/a>.<\/p>\n<blockquote class=\"twitter-tweet\" data-width=\"550\" data-dnt=\"true\">\n<p lang=\"en\" dir=\"ltr\">\ud83d\udea8 Chelsea are emerging as the \ud835\uddd5\ud835\udddc\ud835\uddda \ud835\uddf3\ud835\uddee\ud835\ude03\ud835\uddfc\ud835\ude02\ud835\uddff\ud835\uddf6\ud835\ude01\ud835\uddf2\ud835\ude00 to sign Juventus forward Kenan Y\u0131ld\u0131z. <\/p>\n<p>They&#8217;ve been non-stop working on him, deploying scouts to Juventus fixtures, holding discreet discussions with the player\u2019s camp, and tabling a strong proposal to Y\u0131ld\u0131z himself.\u2026 <a href=\"https:\/\/t.co\/WZvGfq3cUO\" rel=\"nofollow\">pic.twitter.com\/WZvGfq3cUO<\/a><\/p>\n<p>\u2014 Transfer News Live (@DeadlineDayLive) <a href=\"https:\/\/twitter.com\/DeadlineDayLive\/status\/1984229113536876786?ref_src=twsrc%5Etfw\" rel=\"nofollow noopener\" target=\"_blank\">October 31, 2025<\/a><\/p><\/blockquote>\n<p><script async src=\"https:\/\/platform.twitter.com\/widgets.js\" charset=\"utf-8\"><\/script><\/p>\n","protected":false},"excerpt":{"rendered":"&#8211; Advertisement &#8211; O Chelsea est\u00e1 a trabalhar na contrata\u00e7\u00e3o de Kenan Yildiz, jogador que representa a Juventus&hellip;\n","protected":false},"author":2,"featured_media":137383,"comment_status":"","ping_status":"","sticky":false,"template":"","format":"standard","meta":{"footnotes":""},"categories":[87],"tags":[260,904,135,478,690,30731,32,33,2101,134],"class_list":{"0":"post-137382","1":"post","2":"type-post","3":"status-publish","4":"format-standard","5":"has-post-thumbnail","7":"category-desporto","8":"tag-atualidade","9":"tag-chelsea","10":"tag-desporto","11":"tag-destaques-bnr","12":"tag-juventus","13":"tag-kenan-yildiz","14":"tag-portugal","15":"tag-pt","16":"tag-serie-a","17":"tag-sports"},"share_on_mastodon":{"url":"https:\/\/pubeurope.com\/@pt\/115483626916156067","error":""},"_links":{"self":[{"href":"https:\/\/www.europesays.com\/pt\/wp-json\/wp\/v2\/posts\/137382","targetHints":{"allow":["GET"]}}],"collection":[{"href":"https:\/\/www.europesays.com\/pt\/wp-json\/wp\/v2\/posts"}],"about":[{"href":"https:\/\/www.europesays.com\/pt\/wp-json\/wp\/v2\/types\/post"}],"author":[{"embeddable":true,"href":"https:\/\/www.europesays.com\/pt\/wp-json\/wp\/v2\/users\/2"}],"replies":[{"embeddable":true,"href":"https:\/\/www.europesays.com\/pt\/wp-json\/wp\/v2\/comments?post=137382"}],"version-history":[{"count":0,"href":"https:\/\/www.europesays.com\/pt\/wp-json\/wp\/v2\/posts\/137382\/revisions"}],"wp:featuredmedia":[{"embeddable":true,"href":"https:\/\/www.europesays.com\/pt\/wp-json\/wp\/v2\/media\/137383"}],"wp:attachment":[{"href":"https:\/\/www.europesays.com\/pt\/wp-json\/wp\/v2\/media?parent=137382"}],"wp:term":[{"taxonomy":"category","embeddable":true,"href":"https:\/\/www.europesays.com\/pt\/wp-json\/wp\/v2\/categories?post=137382"},{"taxonomy":"post_tag","embeddable":true,"href":"https:\/\/www.europesays.com\/pt\/wp-json\/wp\/v2\/tags?post=137382"}],"curies":[{"name":"wp","href":"https:\/\/api.w.org\/{rel}","templated":true}]}}