{"id":137390,"date":"2025-11-03T03:39:12","date_gmt":"2025-11-03T03:39:12","guid":{"rendered":"https:\/\/www.europesays.com\/pt\/137390\/"},"modified":"2025-11-03T03:39:12","modified_gmt":"2025-11-03T03:39:12","slug":"o-look-de-cristina-ferreira-que-mereceu-um-rasgado-elogio-do-seu-melhor-amigo-secret-story","status":"publish","type":"post","link":"https:\/\/www.europesays.com\/pt\/137390\/","title":{"rendered":"O look de Cristina Ferreira que mereceu um rasgado elogio do seu melhor amigo &#8211; Secret Story"},"content":{"rendered":"<p>\n                    Cristina Ferreira est\u00e1 radiante em mais uma gala do Secret Story. E o look est\u00e1 a receber rasgados elogios. E at\u00e9 o melhor amigo da apresentadora comentou\u2026\n                <\/p>\n<p style=\"margin-bottom:11px\">Cristina Ferreira est\u00e1 em destaque em mais uma gala do Secret Story. A gala \u00e9 das mil e uma noites e a apresentadora vestiu-se a rigor. \u00abA Voz segredou-me que hoje na gala h\u00e1 uma l\u00e2mpada m\u00e1gica. At\u00e9 tenho medo!\u00bb, partilhou Cristina, revelando um conjunto de imagens da noite.<\/p>\n<p>As fotografias, <a href=\"https:\/\/www.instagram.com\/p\/DQkcXsnjLBM\/?hl=pt&amp;img_index=1\" rel=\"nofollow noopener\" target=\"_blank\">publicadas no Instagram oficial de Cristina<\/a>, est\u00e3o a receber muitos elogios. E at\u00e9 o melhor amigo de Cristina \u2013 Rubinho Correia \u2013 comentou. \u00abEst\u00e1s na fase mais bonita de sempre\u2026\u00bb<\/p>\n<p><strong>Percorra a galeria e veja as imagens.<\/strong><\/p>\n<p>                    <script async src=\"\/\/www.instagram.com\/embed.js\"><\/script><\/p>\n","protected":false},"excerpt":{"rendered":"Cristina Ferreira est\u00e1 radiante em mais uma gala do Secret Story. E o look est\u00e1 a receber rasgados&hellip;\n","protected":false},"author":2,"featured_media":137391,"comment_status":"","ping_status":"","sticky":false,"template":"","format":"standard","meta":{"footnotes":""},"categories":[142],"tags":[166,114,115,18672,18673,18674,32,33,151],"class_list":{"0":"post-137390","1":"post","2":"type-post","3":"status-publish","4":"format-standard","5":"has-post-thumbnail","7":"category-tv","8":"tag-cristina-ferreira","9":"tag-entertainment","10":"tag-entretenimento","11":"tag-fotos-oficiais-secret-story","12":"tag-galerias-casa-dos-segredos","13":"tag-imagens-concorrentes-tvi","14":"tag-portugal","15":"tag-pt","16":"tag-tv"},"share_on_mastodon":{"url":"https:\/\/pubeurope.com\/@pt\/115483689820642029","error":""},"_links":{"self":[{"href":"https:\/\/www.europesays.com\/pt\/wp-json\/wp\/v2\/posts\/137390","targetHints":{"allow":["GET"]}}],"collection":[{"href":"https:\/\/www.europesays.com\/pt\/wp-json\/wp\/v2\/posts"}],"about":[{"href":"https:\/\/www.europesays.com\/pt\/wp-json\/wp\/v2\/types\/post"}],"author":[{"embeddable":true,"href":"https:\/\/www.europesays.com\/pt\/wp-json\/wp\/v2\/users\/2"}],"replies":[{"embeddable":true,"href":"https:\/\/www.europesays.com\/pt\/wp-json\/wp\/v2\/comments?post=137390"}],"version-history":[{"count":0,"href":"https:\/\/www.europesays.com\/pt\/wp-json\/wp\/v2\/posts\/137390\/revisions"}],"wp:featuredmedia":[{"embeddable":true,"href":"https:\/\/www.europesays.com\/pt\/wp-json\/wp\/v2\/media\/137391"}],"wp:attachment":[{"href":"https:\/\/www.europesays.com\/pt\/wp-json\/wp\/v2\/media?parent=137390"}],"wp:term":[{"taxonomy":"category","embeddable":true,"href":"https:\/\/www.europesays.com\/pt\/wp-json\/wp\/v2\/categories?post=137390"},{"taxonomy":"post_tag","embeddable":true,"href":"https:\/\/www.europesays.com\/pt\/wp-json\/wp\/v2\/tags?post=137390"}],"curies":[{"name":"wp","href":"https:\/\/api.w.org\/{rel}","templated":true}]}}