{"id":137408,"date":"2025-11-03T04:14:16","date_gmt":"2025-11-03T04:14:16","guid":{"rendered":"https:\/\/www.europesays.com\/pt\/137408\/"},"modified":"2025-11-03T04:14:16","modified_gmt":"2025-11-03T04:14:16","slug":"mas-orgulho-em-que-fernanda-serrano-fala-sobre-trabalho-do-filho-e-reage-a-critica","status":"publish","type":"post","link":"https:\/\/www.europesays.com\/pt\/137408\/","title":{"rendered":"&#8220;Mas&#8230; orgulho em qu\u00ea?!&#8221;: Fernanda Serrano fala sobre trabalho do filho&#8230; e reage a cr\u00edtica!"},"content":{"rendered":"<p>Uma m\u00e3e babada. Assim \u00e9 <a href=\"https:\/\/selfie.iol.pt\/famosos\/fernanda-serrano\/apos-mais-de-30-anos-fernanda-serrano-mostra-se-fora-de-portugal-e-com-companhia-especial-muito-amor\/20251027\/68ff54d1d34ee0c2fed1b65f\" target=\"_blank\" rel=\"nofollow noopener\">Fernanda Serrano<\/a>, tal como a pr\u00f3pria demonstrou, recentemente, no Instagram.<\/p>\n<p>Nessa rede social, a atriz elogiou o filho, Santiago, que, numa imagem, estava a exercer o trabalho de DJ. &#8220;Orgulho!&#8221;, exclamou Fernanda Serrano na legenda do registo.<\/p>\n<p>No entanto, a artista acabou por receber uma mensagem negativa. &#8220;Mas&#8230; orgulho em qu\u00ea?! Ele \u00e9 m\u00e9dico, pol\u00edcia, engenheiro ou cientista?!&#8221;, pode ler-se.<\/p>\n<p>E Fernanda Serrano respondeu \u00e0 letra: &#8220;\u00c9 o meu filho, que \u00e9 determinado, lutador, focado, curioso, inteligente, doce, dedicado, gentil, educado, bem formado, corajoso, soci\u00e1vel, trabalhador e estuda para ser melhor!&#8221;<\/p>\n<p>&#8220;Gente que tem tempo para tudo&#8230; at\u00e9 para ser assim! Enfim!&#8221;, desabafou, ainda, a atriz.<\/p>\n<p>Veja, agora, algumas das melhores imagens de Fernanda Serrano nas galerias de fotografias que prepar\u00e1mos para si.<\/p>\n<p><img decoding=\"async\" alt=\"\" onclick=\"\" src=\"https:\/\/www.europesays.com\/pt\/wp-content\/uploads\/2025\/11\/1762143256_793_1024.jpeg\" title=\"Fernanda Serrano\"\/><\/p>\n","protected":false},"excerpt":{"rendered":"Uma m\u00e3e babada. Assim \u00e9 Fernanda Serrano, tal como a pr\u00f3pria demonstrou, recentemente, no Instagram. Nessa rede social,&hellip;\n","protected":false},"author":2,"featured_media":137409,"comment_status":"","ping_status":"","sticky":false,"template":"","format":"standard","meta":{"footnotes":""},"categories":[145],"tags":[813,211,210,114,115,981,980,1408,1870,1015,619,161,32,33,1012,162],"class_list":{"0":"post-137408","1":"post","2":"type-post","3":"status-publish","4":"format-standard","5":"has-post-thumbnail","7":"category-celebridades","8":"tag-atriz","9":"tag-celebridades","10":"tag-celebrities","11":"tag-entertainment","12":"tag-entretenimento","13":"tag-familia","14":"tag-famosos","15":"tag-fernanda-serrano","16":"tag-filhos","17":"tag-instagram","18":"tag-nacional","19":"tag-novelas","20":"tag-portugal","21":"tag-pt","22":"tag-selfie","23":"tag-tvi"},"share_on_mastodon":{"url":"https:\/\/pubeurope.com\/@pt\/115483827706939779","error":""},"_links":{"self":[{"href":"https:\/\/www.europesays.com\/pt\/wp-json\/wp\/v2\/posts\/137408","targetHints":{"allow":["GET"]}}],"collection":[{"href":"https:\/\/www.europesays.com\/pt\/wp-json\/wp\/v2\/posts"}],"about":[{"href":"https:\/\/www.europesays.com\/pt\/wp-json\/wp\/v2\/types\/post"}],"author":[{"embeddable":true,"href":"https:\/\/www.europesays.com\/pt\/wp-json\/wp\/v2\/users\/2"}],"replies":[{"embeddable":true,"href":"https:\/\/www.europesays.com\/pt\/wp-json\/wp\/v2\/comments?post=137408"}],"version-history":[{"count":0,"href":"https:\/\/www.europesays.com\/pt\/wp-json\/wp\/v2\/posts\/137408\/revisions"}],"wp:featuredmedia":[{"embeddable":true,"href":"https:\/\/www.europesays.com\/pt\/wp-json\/wp\/v2\/media\/137409"}],"wp:attachment":[{"href":"https:\/\/www.europesays.com\/pt\/wp-json\/wp\/v2\/media?parent=137408"}],"wp:term":[{"taxonomy":"category","embeddable":true,"href":"https:\/\/www.europesays.com\/pt\/wp-json\/wp\/v2\/categories?post=137408"},{"taxonomy":"post_tag","embeddable":true,"href":"https:\/\/www.europesays.com\/pt\/wp-json\/wp\/v2\/tags?post=137408"}],"curies":[{"name":"wp","href":"https:\/\/api.w.org\/{rel}","templated":true}]}}