{"id":137444,"date":"2025-11-03T05:03:16","date_gmt":"2025-11-03T05:03:16","guid":{"rendered":"https:\/\/www.europesays.com\/pt\/137444\/"},"modified":"2025-11-03T05:03:16","modified_gmt":"2025-11-03T05:03:16","slug":"medio-portugues-perde-cada-vez-mais-espaco-no-mestalla","status":"publish","type":"post","link":"https:\/\/www.europesays.com\/pt\/137444\/","title":{"rendered":"m\u00e9dio portugu\u00eas perde cada vez mais espa\u00e7o no Mestalla"},"content":{"rendered":"<p>&#8211; Advertisement &#8211;<\/p>\n<p><strong>Andr\u00e9 Almeida chegou ao Val\u00eancia em 2022, depois de se ter destacado ao servi\u00e7o do Vit\u00f3ria SC, mas est\u00e1 a perder espa\u00e7o no Mestalla.<\/strong><\/p>\n<p>Andr\u00e9 Almeida est\u00e1 com cada vez menos espa\u00e7o ao servi\u00e7o do Val\u00eancia. O m\u00e9dio portugu\u00eas leva esta temporada somente seis partidas, sem qualquer golo marcado. O jogador soma apenas duas titularidades em 2025\/26: Real Oviedo, para a <a href=\"https:\/\/bolanarede.pt\/etiqueta\/la-liga\/\" target=\"_blank\" rel=\"noreferrer noopener nofollow\">La Liga<\/a>, e Macarena, para a Ta\u00e7a do Rei.<\/p>\n<p>O jogador n\u00e3o foi sequer op\u00e7\u00e3o para Carlos Corber\u00e1n em cinco partidas. Andr\u00e9 Almeida renovou inclusivamente contrato com o emblema do Mestalla at\u00e9 2029, mas uma sa\u00edda no mercado de janeiro n\u00e3o deve ser uma op\u00e7\u00e3o que esteja totalmente descartada.<\/p>\n<p>Andr\u00e9 Almeida chegou ao Val\u00eancia em 2022, depois de se ter destacado ao servi\u00e7o do Vit\u00f3ria SC. O seu custo foi de oito milh\u00f5es de euros. A equipa segue num mau momento esta temporada, ocupando os lugares da zona de despromo\u00e7\u00e3o.<\/p>\n","protected":false},"excerpt":{"rendered":"&#8211; Advertisement &#8211; Andr\u00e9 Almeida chegou ao Val\u00eancia em 2022, depois de se ter destacado ao servi\u00e7o do&hellip;\n","protected":false},"author":2,"featured_media":137445,"comment_status":"","ping_status":"","sticky":false,"template":"","format":"standard","meta":{"footnotes":""},"categories":[87],"tags":[16899,260,135,5705,32,33,134,323],"class_list":{"0":"post-137444","1":"post","2":"type-post","3":"status-publish","4":"format-standard","5":"has-post-thumbnail","7":"category-desporto","8":"tag-andre-almeida","9":"tag-atualidade","10":"tag-desporto","11":"tag-la-liga","12":"tag-portugal","13":"tag-pt","14":"tag-sports","15":"tag-valencia"},"share_on_mastodon":{"url":"https:\/\/pubeurope.com\/@pt\/115484020073771428","error":""},"_links":{"self":[{"href":"https:\/\/www.europesays.com\/pt\/wp-json\/wp\/v2\/posts\/137444","targetHints":{"allow":["GET"]}}],"collection":[{"href":"https:\/\/www.europesays.com\/pt\/wp-json\/wp\/v2\/posts"}],"about":[{"href":"https:\/\/www.europesays.com\/pt\/wp-json\/wp\/v2\/types\/post"}],"author":[{"embeddable":true,"href":"https:\/\/www.europesays.com\/pt\/wp-json\/wp\/v2\/users\/2"}],"replies":[{"embeddable":true,"href":"https:\/\/www.europesays.com\/pt\/wp-json\/wp\/v2\/comments?post=137444"}],"version-history":[{"count":0,"href":"https:\/\/www.europesays.com\/pt\/wp-json\/wp\/v2\/posts\/137444\/revisions"}],"wp:featuredmedia":[{"embeddable":true,"href":"https:\/\/www.europesays.com\/pt\/wp-json\/wp\/v2\/media\/137445"}],"wp:attachment":[{"href":"https:\/\/www.europesays.com\/pt\/wp-json\/wp\/v2\/media?parent=137444"}],"wp:term":[{"taxonomy":"category","embeddable":true,"href":"https:\/\/www.europesays.com\/pt\/wp-json\/wp\/v2\/categories?post=137444"},{"taxonomy":"post_tag","embeddable":true,"href":"https:\/\/www.europesays.com\/pt\/wp-json\/wp\/v2\/tags?post=137444"}],"curies":[{"name":"wp","href":"https:\/\/api.w.org\/{rel}","templated":true}]}}