{"id":137492,"date":"2025-11-03T07:11:08","date_gmt":"2025-11-03T07:11:08","guid":{"rendered":"https:\/\/www.europesays.com\/pt\/137492\/"},"modified":"2025-11-03T07:11:08","modified_gmt":"2025-11-03T07:11:08","slug":"aborto-retido-mulheres-se-queixam-de-atendimento-03-11-2025-equilibrio-e-saude","status":"publish","type":"post","link":"https:\/\/www.europesays.com\/pt\/137492\/","title":{"rendered":"Aborto retido: Mulheres se queixam de atendimento &#8211; 03\/11\/2025 &#8211; Equil\u00edbrio e Sa\u00fade"},"content":{"rendered":"<p>Eduarda Fernandes, 26, estava casada havia um m\u00eas quando descobriu que estava gr\u00e1vida. &#8220;Brinquei que foi o presente de casamento de Deus para mim&#8221;, conta a advogada de Volta Redonda (RJ). No ultrassom, por\u00e9m, n\u00e3o havia batimentos. Ouviu do m\u00e9dico que era um <a href=\"https:\/\/www1.folha.uol.com.br\/folha-topicos\/aborto\/\" rel=\"nofollow noopener\" target=\"_blank\">aborto<\/a> retido: a gesta\u00e7\u00e3o n\u00e3o estava evoluindo e precisaria ser <a href=\"https:\/\/www1.folha.uol.com.br\/equilibrioesaude\/2025\/02\/diretrizes-da-oms-para-aborto-seguro-afirmam-que-enfermeiro-pode-realizar-o-procedimento.shtml\" rel=\"nofollow noopener\" target=\"\">interrompida<\/a>.<\/p>\n<p>Foi encaminhada a um hospital da rede privada, onde faria uma aspira\u00e7\u00e3o manual intrauterina (Amiu). Eduarda relata que j\u00e1 estava de avental e acesso na veia, esperando o procedimento, quando recebeu negativa do plano de sa\u00fade e foi enviada para casa.<\/p>\n<p>Segundo o m\u00e9dico especialista em reprodu\u00e7\u00e3o S\u00e9rgio Gon\u00e7alves, da cl\u00ednica Mater Prime, o aborto retido ocorre quando o embri\u00e3o para de se desenvolver, mas n\u00e3o h\u00e1 sintomas de abortamento, como sangramento ou contra\u00e7\u00f5es. &#8220;O colo do \u00fatero est\u00e1 fechado e o aborto est\u00e1 l\u00e1 dentro, ele n\u00e3o est\u00e1 sendo eliminado&#8221;, explica.<\/p>\n<p>&#8220;Nestes casos, h\u00e1 duas condutas poss\u00edveis: a expectante, que \u00e9 aguardar o organismo eliminar o aborto, e a ativa, que \u00e9 fazer curetagem ou Amiu&#8221;, diz o m\u00e9dico. Segundo ele, enviar a paciente para esperar em casa, a chamada conduta expectante, n\u00e3o \u00e9 errada, mas deve ser discutida entre m\u00e9dico e gestante.<\/p>\n<p>Uma norma t\u00e9cnica do <a href=\"https:\/\/www1.folha.uol.com.br\/folha-topicos\/ministerio-da-saude\/\" rel=\"nofollow noopener\" target=\"\">Minist\u00e9rio da Sa\u00fade<\/a> de 2005 de Aten\u00e7\u00e3o Humanizada ao Abortamento recomenda que o aborto retido seja tratado com &#8220;<a href=\"https:\/\/www1.folha.uol.com.br\/equilibrioesaude\/2025\/08\/medicamento-que-induz-aborto-pode-ser-usado-para-prevenir-cancer-de-mama.shtml\" rel=\"nofollow noopener\" target=\"\">misoprostol<\/a> ou, quando o tamanho uterino corresponder \u00e0 gesta\u00e7\u00e3o com menos de 12 semanas, pode-se empregar a t\u00e9cnica de aspira\u00e7\u00e3o manual intrauterina&#8221;.<\/p>\n<p>&#8220;Eu pensava: &#8216;s\u00f3 quero resolver'&#8221;, conta Eduarda. Ela conseguiu fazer o procedimento em um hospital municipal e est\u00e1 processando o plano de sa\u00fade Amil. Pede danos morais e materiais. Procurado pela reportagem, o plano de sa\u00fade diz que Eduarda estava em per\u00edodo de car\u00eancia e que o procedimento n\u00e3o era urgente.<\/p>\n<p>A Amil afirma que o processo ainda n\u00e3o teve senten\u00e7a. Diz ainda que, \u00e0 \u00e9poca, a benefici\u00e1ria estava com o seu contrato ativo havia oito dias e que se tratava de um procedimento eletivo, dentro de um contexto regular para o cumprimento de car\u00eancia conforme definido em contrato.<\/p>\n<p>TORTURA PSICOL\u00d3GICA<\/p>\n<p>Os riscos e benef\u00edcios de cada conduta devem ser explicados para a paciente que, munida de informa\u00e7\u00e3o, poder\u00e1 fazer a escolha mais adequada, diz Gon\u00e7alves. Segundo ele, h\u00e1 quem opte pela conduta expectante. &#8220;A vantagem \u00e9 que, na maioria das vezes, n\u00e3o precisa de interna\u00e7\u00e3o, de se submeter a um risco anest\u00e9sico e a eventuais complica\u00e7\u00f5es dos procedimentos.&#8221;<\/p>\n<p>&#8220;Por\u00e9m, como o nome j\u00e1 diz, a conduta expectante requer esperar. E isso pode ser uma tortura psicol\u00f3gica para algumas mulheres&#8221;, diz. &#8220;J\u00e1 vi pacientes passarem de um m\u00eas com o aborto retido e o organismo n\u00e3o eliminar ou eliminar parcialmente. E a\u00ed precisam fazer a curetagem do mesmo jeito. Em alguns casos, a elimina\u00e7\u00e3o cursa com muita dor.&#8221;<\/p>\n<p>Foi o que aconteceu com Mariana (nome fict\u00edcio), 33. Ap\u00f3s receber o diagn\u00f3stico de aborto retido, em 2021, ela foi ao pronto-socorro obst\u00e9trico da Santa Casa de Miseric\u00f3rdia de S\u00e3o Paulo e pediu a interrup\u00e7\u00e3o. Foi enviada para casa. &#8220;Esperei um m\u00eas com o embri\u00e3o morto dentro de mim, chorando todo dia. Quando come\u00e7ou a expuls\u00e3o, fiquei seis horas tendo contra\u00e7\u00f5es e sangrando muito. No fim, tive que fazer a curetagem assim mesmo&#8221;, relata.<\/p>\n<p>Gon\u00e7alves diz que o ideal \u00e9 que a equipe de plant\u00e3o agende o procedimento para outro dia. &#8220;Muitas vezes, o plant\u00e3o est\u00e1 movimentado e o m\u00e9dico decide pela conduta expectante sem dar as op\u00e7\u00f5es. A paciente sente muito essa falta de informa\u00e7\u00e3o, sai de l\u00e1 desamparada. Receber esse diagn\u00f3stico j\u00e1 \u00e9 um luto. O amparo n\u00e3o \u00e9 s\u00f3 fazer a curetagem imediatamente, mas ter algu\u00e9m que d\u00ea aten\u00e7\u00e3o, explique. E n\u00e3o: &#8216;vai para casa e espera um m\u00eas&#8217;. Isso \u00e9 muito desgastante emocionalmente.&#8221;<\/p>\n<p>A Santa Casa de Miseric\u00f3rdia de S\u00e3o Paulo afirma que &#8220;assegura atendimento humanizado, com respeito aos princ\u00edpios \u00e9ticos, legais e bio\u00e9ticos, priorizando o acolhimento e o cuidado com a sa\u00fade f\u00edsica e emocional das mulheres, garantindo direito \u00e0 informa\u00e7\u00e3o, autonomia e escolha informada, conforme diretrizes da Febrasgo (Federa\u00e7\u00e3o Brasileira das Associa\u00e7\u00f5es de Ginecologia e Obstetr\u00edcia) e do Minist\u00e9rio da Sa\u00fade. A escolha do tratamento \u00e9 compartilhada com a paciente.&#8221;<\/p>\n<p>&#8216;ENFIARAM A M\u00c3O PARA PUXAR&#8217;<\/p>\n<p>Em 2022, a funcion\u00e1ria p\u00fablica Jeanne Batista, 28, descobriu via ultrassom que sua gravidez n\u00e3o estava evoluindo. Foi \u00e0 emerg\u00eancia do Hospital Ad\u00e3o Pereira Nunes, o Saracuruna, em Duque de Caxias (RJ), onde diz ter sofrido <a href=\"https:\/\/www1.folha.uol.com.br\/equilibrioesaude\/2025\/10\/amigos-acusam-hospital-onde-mulher-morreu-de-nao-trata-la-por-suspeita-de-aborto-induzido.shtml\" rel=\"nofollow noopener\" target=\"\">viol\u00eancia obst\u00e9trica<\/a>.<\/p>\n<p>&#8220;Parece que alguns m\u00e9dicos t\u00eam raiva de gr\u00e1vida&#8221;, diz Jeanne. &#8220;Ainda me emociono ao falar. Fizeram o toque e viram que o embri\u00e3o n\u00e3o estava saindo. Introduziram o rem\u00e9dio e enfiaram a m\u00e3o dentro de mim para puxar.&#8221;<\/p>\n<p>Em 2023, ela teve outro aborto retido e foi \u00e0 Maternidade Santa Cruz da Serra, tamb\u00e9m sob gest\u00e3o municipal de Duque de Caxias. &#8220;Foi pior ainda&#8221;, conta. &#8220;O m\u00e9dico introduziu uma m\u00e3o em mim e, com a outra, empurrava minha barriga para baixo. Tenho trauma at\u00e9 hoje desse doutor e do terror que eu passei. Gritava que estava doendo e ele dizia: &#8216;mas tem que tirar&#8217;. Minha m\u00e3e estava do meu lado, ela falava: &#8216;isso n\u00e3o se faz.'&#8221;<\/p>\n<p>A Prefeitura de Duque de Caxias foi procurada pela reportagem, mas afirma que faltam dados sobre o caso em quest\u00e3o para responder.<\/p>\n<p>Ariane Victor, 32, de Porto Alegre (RS), teve um aborto retido em janeiro deste ano. O m\u00e9dico particular a orientou pela conduta expectante. &#8220;Ele disse que a curetagem n\u00e3o \u00e9 aconselh\u00e1vel ou que ele n\u00e3o aconselhava, n\u00e3o lembro. Me explicou que poderia levar at\u00e9 40 dias para o corpo expelir e se passasse disso poderia infeccionar. Fiquei quatro dias expelindo&#8221;, relata.<\/p>\n","protected":false},"excerpt":{"rendered":"Eduarda Fernandes, 26, estava casada havia um m\u00eas quando descobriu que estava gr\u00e1vida. &#8220;Brinquei que foi o presente&hellip;\n","protected":false},"author":2,"featured_media":137493,"comment_status":"","ping_status":"","sticky":false,"template":"","format":"standard","meta":{"footnotes":""},"categories":[86],"tags":[2314,236,2212,1041,11867,116,8204,2558,4519,3968,16375,32,1494,33,117],"class_list":{"0":"post-137492","1":"post","2":"type-post","3":"status-publish","4":"format-standard","5":"has-post-thumbnail","7":"category-saude","8":"tag-aborto","9":"tag-folha","10":"tag-gestacao","11":"tag-gravidez","12":"tag-gravidez-de-risco","13":"tag-health","14":"tag-mae","15":"tag-maternidade","16":"tag-maternidade-real","17":"tag-mulher","18":"tag-planos-de-saude","19":"tag-portugal","20":"tag-producao-todas","21":"tag-pt","22":"tag-saude"},"share_on_mastodon":{"url":"https:\/\/pubeurope.com\/@pt\/115484523402327463","error":""},"_links":{"self":[{"href":"https:\/\/www.europesays.com\/pt\/wp-json\/wp\/v2\/posts\/137492","targetHints":{"allow":["GET"]}}],"collection":[{"href":"https:\/\/www.europesays.com\/pt\/wp-json\/wp\/v2\/posts"}],"about":[{"href":"https:\/\/www.europesays.com\/pt\/wp-json\/wp\/v2\/types\/post"}],"author":[{"embeddable":true,"href":"https:\/\/www.europesays.com\/pt\/wp-json\/wp\/v2\/users\/2"}],"replies":[{"embeddable":true,"href":"https:\/\/www.europesays.com\/pt\/wp-json\/wp\/v2\/comments?post=137492"}],"version-history":[{"count":0,"href":"https:\/\/www.europesays.com\/pt\/wp-json\/wp\/v2\/posts\/137492\/revisions"}],"wp:featuredmedia":[{"embeddable":true,"href":"https:\/\/www.europesays.com\/pt\/wp-json\/wp\/v2\/media\/137493"}],"wp:attachment":[{"href":"https:\/\/www.europesays.com\/pt\/wp-json\/wp\/v2\/media?parent=137492"}],"wp:term":[{"taxonomy":"category","embeddable":true,"href":"https:\/\/www.europesays.com\/pt\/wp-json\/wp\/v2\/categories?post=137492"},{"taxonomy":"post_tag","embeddable":true,"href":"https:\/\/www.europesays.com\/pt\/wp-json\/wp\/v2\/tags?post=137492"}],"curies":[{"name":"wp","href":"https:\/\/api.w.org\/{rel}","templated":true}]}}