{"id":137498,"date":"2025-11-03T07:24:15","date_gmt":"2025-11-03T07:24:15","guid":{"rendered":"https:\/\/www.europesays.com\/pt\/137498\/"},"modified":"2025-11-03T07:24:15","modified_gmt":"2025-11-03T07:24:15","slug":"ha-novidades-em-relacao-a-uma-possivel-saida-de-morten-hjulmand-do-sporting-em-janeiro","status":"publish","type":"post","link":"https:\/\/www.europesays.com\/pt\/137498\/","title":{"rendered":"H\u00e1 novidades em rela\u00e7\u00e3o a uma poss\u00edvel sa\u00edda de Morten Hjulmand do Sporting em janeiro"},"content":{"rendered":"<p>&#8211; Advertisement &#8211;<\/p>\n<p>Morten Hjulmand n\u00e3o vai sair do Sporting no pr\u00f3ximo mercado de transfer\u00eancias. De acordo com o Tuttomercato, a Juventus voltou a estar interessada no m\u00e9dio dos le\u00f5es, depois da chegada de Marco Ottolini ao posto de diretor desportivo e de<a href=\"https:\/\/bolanarede.pt\/especial-bola-na-rede\/atualidade\/juventus-oficializa-luciano-spalletti-como-novo-treinador\/\" target=\"_blank\" rel=\"noreferrer noopener nofollow\"> Luciano Spalletti para o banco de suplentes<\/a>.<\/p>\n<p>O dinamarqu\u00eas tem um contrato v\u00e1lido at\u00e9 ao ver\u00e3o de 2028, contando com uma cl\u00e1usula de rescis\u00e3o de 80 milh\u00f5es de euros. Caso algum emblema queira comprar o capit\u00e3o do Sporting, ter\u00e1 que chegar-se \u00e0 frente com esse valor, algo que aparenta ser um cen\u00e1rio improv\u00e1vel.<\/p>\n<p>Morten Hjulmand leva 15 encontros disputados em 2025\/26, com um golo e uma assist\u00eancia. O jogador poder\u00e1 deixar Alvalade no ver\u00e3o.<\/p>\n","protected":false},"excerpt":{"rendered":"&#8211; Advertisement &#8211; Morten Hjulmand n\u00e3o vai sair do Sporting no pr\u00f3ximo mercado de transfer\u00eancias. De acordo com&hellip;\n","protected":false},"author":2,"featured_media":137499,"comment_status":"","ping_status":"","sticky":false,"template":"","format":"standard","meta":{"footnotes":""},"categories":[87],"tags":[260,135,478,690,2075,32,479,33,34,134],"class_list":{"0":"post-137498","1":"post","2":"type-post","3":"status-publish","4":"format-standard","5":"has-post-thumbnail","7":"category-desporto","8":"tag-atualidade","9":"tag-desporto","10":"tag-destaques-bnr","11":"tag-juventus","12":"tag-morten-hjulmand","13":"tag-portugal","14":"tag-primeira-liga","15":"tag-pt","16":"tag-sporting","17":"tag-sports"},"share_on_mastodon":{"url":"https:\/\/pubeurope.com\/@pt\/115484574633334319","error":""},"_links":{"self":[{"href":"https:\/\/www.europesays.com\/pt\/wp-json\/wp\/v2\/posts\/137498","targetHints":{"allow":["GET"]}}],"collection":[{"href":"https:\/\/www.europesays.com\/pt\/wp-json\/wp\/v2\/posts"}],"about":[{"href":"https:\/\/www.europesays.com\/pt\/wp-json\/wp\/v2\/types\/post"}],"author":[{"embeddable":true,"href":"https:\/\/www.europesays.com\/pt\/wp-json\/wp\/v2\/users\/2"}],"replies":[{"embeddable":true,"href":"https:\/\/www.europesays.com\/pt\/wp-json\/wp\/v2\/comments?post=137498"}],"version-history":[{"count":0,"href":"https:\/\/www.europesays.com\/pt\/wp-json\/wp\/v2\/posts\/137498\/revisions"}],"wp:featuredmedia":[{"embeddable":true,"href":"https:\/\/www.europesays.com\/pt\/wp-json\/wp\/v2\/media\/137499"}],"wp:attachment":[{"href":"https:\/\/www.europesays.com\/pt\/wp-json\/wp\/v2\/media?parent=137498"}],"wp:term":[{"taxonomy":"category","embeddable":true,"href":"https:\/\/www.europesays.com\/pt\/wp-json\/wp\/v2\/categories?post=137498"},{"taxonomy":"post_tag","embeddable":true,"href":"https:\/\/www.europesays.com\/pt\/wp-json\/wp\/v2\/tags?post=137498"}],"curies":[{"name":"wp","href":"https:\/\/api.w.org\/{rel}","templated":true}]}}