{"id":137561,"date":"2025-11-03T09:09:05","date_gmt":"2025-11-03T09:09:05","guid":{"rendered":"https:\/\/www.europesays.com\/pt\/137561\/"},"modified":"2025-11-03T09:09:05","modified_gmt":"2025-11-03T09:09:05","slug":"somando-casas-e-empresas-tgv-entre-porto-e-oia-vai-obrigar-a-230-expropriacoes","status":"publish","type":"post","link":"https:\/\/www.europesays.com\/pt\/137561\/","title":{"rendered":"Somando casas e empresas, TGV entre Porto e Oi\u00e3 vai obrigar a 230 expropria\u00e7\u00f5es"},"content":{"rendered":"<p data-remotead-prev-elm=\"true\" data-remotead-elm-id=\"inread\">Segundo o RECAPE (Relat\u00f3rio de Conformidade Ambiental do Projeto de Execu\u00e7\u00e3o), entre casas e empresas, ser\u00e3o necess\u00e1rias 230 expropria\u00e7\u00f5es. Canelas e Grij\u00f3\/Serzedo, em Gaia, figuram entre as zonas que mais sofrer\u00e3o os efeitos da instala\u00e7\u00e3o da linha de alta velocidade. O tra\u00e7ado, que tinha 70,5 km, mais 8,3 km de liga\u00e7\u00e3o a Canelas, passou a ter 71 km, acrescidos de 16,6 km at\u00e9 Canelas. A \u00e1rea afetada cresceu de 416 para 535 hectares. O tro\u00e7o Porto-Oi\u00e3 prev\u00ea 26 pontes\/viadutos e oito t\u00faneis.<\/p>\n<p>Acesso exclusivo a assinantes<\/p>\n<p>Acesso ilimitado a conte\u00fados exclusivos<\/p>\n<p>Navega\u00e7\u00e3o sem publicidade intrusiva<\/p>\n<p>Vers\u00e3o digital do jornal, suplementos e revistas<\/p>\n","protected":false},"excerpt":{"rendered":"Segundo o RECAPE (Relat\u00f3rio de Conformidade Ambiental do Projeto de Execu\u00e7\u00e3o), entre casas e empresas, ser\u00e3o necess\u00e1rias 230&hellip;\n","protected":false},"author":2,"featured_media":137562,"comment_status":"","ping_status":"","sticky":false,"template":"","format":"standard","meta":{"footnotes":""},"categories":[10],"tags":[27,28,30752,25251,30751,19635,15,16,14,25,26,21,22,12,13,19,20,32,23,24,33,19836,17,18,29,30,31],"class_list":{"0":"post-137561","1":"post","2":"type-post","3":"status-publish","4":"format-standard","5":"has-post-thumbnail","7":"category-portugal","8":"tag-breaking-news","9":"tag-breakingnews","10":"tag-camara-de-gaia","11":"tag-camara-do-porto","12":"tag-concelho-do-porto","13":"tag-concelho-vila-nova-de-gaia","14":"tag-featured-news","15":"tag-featurednews","16":"tag-headlines","17":"tag-latest-news","18":"tag-latestnews","19":"tag-main-news","20":"tag-mainnews","21":"tag-news","22":"tag-noticias","23":"tag-noticias-principais","24":"tag-noticiasprincipais","25":"tag-portugal","26":"tag-principais-noticias","27":"tag-principaisnoticias","28":"tag-pt","29":"tag-tgv","30":"tag-top-stories","31":"tag-topstories","32":"tag-ultimas","33":"tag-ultimas-noticias","34":"tag-ultimasnoticias"},"share_on_mastodon":{"url":"https:\/\/pubeurope.com\/@pt\/115484987696839730","error":""},"_links":{"self":[{"href":"https:\/\/www.europesays.com\/pt\/wp-json\/wp\/v2\/posts\/137561","targetHints":{"allow":["GET"]}}],"collection":[{"href":"https:\/\/www.europesays.com\/pt\/wp-json\/wp\/v2\/posts"}],"about":[{"href":"https:\/\/www.europesays.com\/pt\/wp-json\/wp\/v2\/types\/post"}],"author":[{"embeddable":true,"href":"https:\/\/www.europesays.com\/pt\/wp-json\/wp\/v2\/users\/2"}],"replies":[{"embeddable":true,"href":"https:\/\/www.europesays.com\/pt\/wp-json\/wp\/v2\/comments?post=137561"}],"version-history":[{"count":0,"href":"https:\/\/www.europesays.com\/pt\/wp-json\/wp\/v2\/posts\/137561\/revisions"}],"wp:featuredmedia":[{"embeddable":true,"href":"https:\/\/www.europesays.com\/pt\/wp-json\/wp\/v2\/media\/137562"}],"wp:attachment":[{"href":"https:\/\/www.europesays.com\/pt\/wp-json\/wp\/v2\/media?parent=137561"}],"wp:term":[{"taxonomy":"category","embeddable":true,"href":"https:\/\/www.europesays.com\/pt\/wp-json\/wp\/v2\/categories?post=137561"},{"taxonomy":"post_tag","embeddable":true,"href":"https:\/\/www.europesays.com\/pt\/wp-json\/wp\/v2\/tags?post=137561"}],"curies":[{"name":"wp","href":"https:\/\/api.w.org\/{rel}","templated":true}]}}