{"id":137587,"date":"2025-11-03T09:38:10","date_gmt":"2025-11-03T09:38:10","guid":{"rendered":"https:\/\/www.europesays.com\/pt\/137587\/"},"modified":"2025-11-03T09:38:10","modified_gmt":"2025-11-03T09:38:10","slug":"meteoro-iluminou-ceus-de-portugal-e-espanha-observador","status":"publish","type":"post","link":"https:\/\/www.europesays.com\/pt\/137587\/","title":{"rendered":"Meteoro iluminou c\u00e9us de Portugal e Espanha \u2013 Observador"},"content":{"rendered":"<p>Numa quest\u00e3o de segundos, uma bola de fogo iluminou o c\u00e9u, numa imagem vis\u00edvel em v\u00e1rios pontos da Pen\u00ednsula Ib\u00e9rica, com um clar\u00e3o que chegou a ofuscar a lua. O fen\u00f3meno aconteceu este domingo, pelas 19h40 (hora de Portugal continental), e foi registado em v\u00eddeo por v\u00e1rios utilizadores das redes sociais e p\u00e1ginas de observadores deste tipo de fen\u00f3menos.<\/p>\n<p>Segundo estas p\u00e1ginas (portuguesas e espanholas), como a Luso Meteo, a Meteo Tr\u00e1s os Montes ou a Rede de Investiga\u00e7\u00e3o B\u00f3lides e Meteoritos, ter-se-\u00e1 tratado de um meteoro que rasgou os c\u00e9us a essa hora, provocando um clar\u00e3o \u201cenorme\u201d.<\/p>\n<p>Mas dentro dos observadores deste tipo de fen\u00f3menos h\u00e1 quem o classifique mesmo como um b\u00f3lide, um tipo de meteoro particularmente brilhante e luminoso.<\/p>\n<blockquote class=\"twitter-tweet\" data-width=\"500\" data-dnt=\"true\">\n<p lang=\"pt\" dir=\"ltr\"><a href=\"https:\/\/twitter.com\/hashtag\/Meteoro?src=hash&amp;ref_src=twsrc%5Etfw\" rel=\"nofollow noopener\" target=\"_blank\">#Meteoro<\/a> <a href=\"https:\/\/twitter.com\/hashtag\/Portugal?src=hash&amp;ref_src=twsrc%5Etfw\" rel=\"nofollow noopener\" target=\"_blank\">#Portugal<\/a> Eram 19h41 em Portugal Continental quando um clar\u00e3o surgiu e foi visto em v\u00e1rios pontos do pa\u00eds.<br \/>(Video via Soldados da Paz no Instagram) <a href=\"https:\/\/t.co\/ITh6VxASus\" rel=\"nofollow\">pic.twitter.com\/ITh6VxASus<\/a><\/p>\n<p>\u2014 VOST Portugal (@VOSTPT) <a href=\"https:\/\/twitter.com\/VOSTPT\/status\/1985107268791152849?ref_src=twsrc%5Etfw\" rel=\"nofollow noopener\" target=\"_blank\">November 2, 2025<\/a><\/p>\n<\/blockquote>\n<p>Segundo os coment\u00e1rios e v\u00eddeos registados nas redes sociais, o fen\u00f3meno p\u00f4de ser visto em localidades como Castelo Branco, Vila Real, Vila Real de Santo Ant\u00f3nio, Figueira da Foz, Aveiro, Santar\u00e9m ou Coimbra. J\u00e1 em Espanha houve registos em locais como Sevilha ou C\u00e1ceres.<\/p>\n<blockquote class=\"twitter-tweet\" data-width=\"500\" data-dnt=\"true\">\n<p lang=\"es\" dir=\"ltr\">3) ABSOLUTAMENTE INCRE\u00cdBLE DESDE <a href=\"https:\/\/twitter.com\/hashtag\/C%C3%81CERES?src=hash&amp;ref_src=twsrc%5Etfw\" rel=\"nofollow noopener\" target=\"_blank\">#C\u00c1CERES<\/a>, concretamente desde el municipio de Arroyomolinos donde nuestro compa\u00f1ero Fernando G\u00f3mez <a href=\"https:\/\/twitter.com\/fernandogs58?ref_src=twsrc%5Etfw\" rel=\"nofollow noopener\" target=\"_blank\">@fernandogs58<\/a>  monitoriza con nosotros el firmamento. Posiblemente sea el b\u00f3lido m\u00e1s luminoso que ha captado hasta la fecha <br \/>????????\u00a1A disfrutarlo!???? <a href=\"https:\/\/t.co\/n2E9YqsQ25\" rel=\"nofollow\">pic.twitter.com\/n2E9YqsQ25<\/a><\/p>\n<p>\u2014 Red Investigaci\u00f3n B\u00f3lidos y Meteoritos (SPMN) (@RedSpmn) <a href=\"https:\/\/twitter.com\/RedSpmn\/status\/1985094756020441425?ref_src=twsrc%5Etfw\" rel=\"nofollow noopener\" target=\"_blank\">November 2, 2025<\/a><\/p>\n<\/blockquote>\n<p>            <script async src=\"https:\/\/platform.twitter.com\/widgets.js\" charset=\"utf-8\"><\/script><\/p>\n","protected":false},"excerpt":{"rendered":"Numa quest\u00e3o de segundos, uma bola de fogo iluminou o c\u00e9u, numa imagem vis\u00edvel em v\u00e1rios pontos da&hellip;\n","protected":false},"author":2,"featured_media":137588,"comment_status":"","ping_status":"","sticky":false,"template":"","format":"standard","meta":{"footnotes":""},"categories":[10],"tags":[27,28,442,441,15,16,14,25,26,21,22,606,12,13,19,20,32,23,24,33,17,18,29,30,31],"class_list":{"0":"post-137587","1":"post","2":"type-post","3":"status-publish","4":"format-standard","5":"has-post-thumbnail","7":"category-portugal","8":"tag-breaking-news","9":"tag-breakingnews","10":"tag-ciu00eancia","11":"tag-espau00e7o","12":"tag-featured-news","13":"tag-featurednews","14":"tag-headlines","15":"tag-latest-news","16":"tag-latestnews","17":"tag-main-news","18":"tag-mainnews","19":"tag-meteorologia","20":"tag-news","21":"tag-noticias","22":"tag-noticias-principais","23":"tag-noticiasprincipais","24":"tag-portugal","25":"tag-principais-noticias","26":"tag-principaisnoticias","27":"tag-pt","28":"tag-top-stories","29":"tag-topstories","30":"tag-ultimas","31":"tag-ultimas-noticias","32":"tag-ultimasnoticias"},"share_on_mastodon":{"url":"https:\/\/pubeurope.com\/@pt\/115485101464904964","error":""},"_links":{"self":[{"href":"https:\/\/www.europesays.com\/pt\/wp-json\/wp\/v2\/posts\/137587","targetHints":{"allow":["GET"]}}],"collection":[{"href":"https:\/\/www.europesays.com\/pt\/wp-json\/wp\/v2\/posts"}],"about":[{"href":"https:\/\/www.europesays.com\/pt\/wp-json\/wp\/v2\/types\/post"}],"author":[{"embeddable":true,"href":"https:\/\/www.europesays.com\/pt\/wp-json\/wp\/v2\/users\/2"}],"replies":[{"embeddable":true,"href":"https:\/\/www.europesays.com\/pt\/wp-json\/wp\/v2\/comments?post=137587"}],"version-history":[{"count":0,"href":"https:\/\/www.europesays.com\/pt\/wp-json\/wp\/v2\/posts\/137587\/revisions"}],"wp:featuredmedia":[{"embeddable":true,"href":"https:\/\/www.europesays.com\/pt\/wp-json\/wp\/v2\/media\/137588"}],"wp:attachment":[{"href":"https:\/\/www.europesays.com\/pt\/wp-json\/wp\/v2\/media?parent=137587"}],"wp:term":[{"taxonomy":"category","embeddable":true,"href":"https:\/\/www.europesays.com\/pt\/wp-json\/wp\/v2\/categories?post=137587"},{"taxonomy":"post_tag","embeddable":true,"href":"https:\/\/www.europesays.com\/pt\/wp-json\/wp\/v2\/tags?post=137587"}],"curies":[{"name":"wp","href":"https:\/\/api.w.org\/{rel}","templated":true}]}}