{"id":13760,"date":"2025-08-03T03:32:12","date_gmt":"2025-08-03T03:32:12","guid":{"rendered":"https:\/\/www.europesays.com\/pt\/13760\/"},"modified":"2025-08-03T03:32:12","modified_gmt":"2025-08-03T03:32:12","slug":"benfica-anuncia-um-reforco-e-uma-renovacao-para-a-equipa-feminina-zerozero-pt","status":"publish","type":"post","link":"https:\/\/www.europesays.com\/pt\/13760\/","title":{"rendered":"Benfica anuncia um refor\u00e7o e uma renova\u00e7\u00e3o para a equipa feminina &#8211; zerozero.pt"},"content":{"rendered":"<ol>\n<li><a href=\"https:\/\/news.google.com\/rss\/articles\/CBMiqAFBVV95cUxQbDBBc2lrTmQwZzNEVkx4elNrdnJYSzB2dWFmMlBraHgweU5vaEI4cEloTk1qRG5QMUd5UU5wUUN4SlpxdE1PcnNTRE9SVFpGQm52OHpkV3o2eklUWHBfVEZSbXZKa3B1VkxIX1Y5RlA0WkRlNmloUU9QaFV6MXVVaWpxd3psaDBiQ2tsRGJCbEhnRzEzNmZ0NWpBSmFHVWZ0UGVickNZMHM?oc=5\" target=\"_blank\" rel=\"nofollow noopener\">Benfica anuncia um refor\u00e7o e uma renova\u00e7\u00e3o para a equipa feminina<\/a>&nbsp;&nbsp;zerozero.pt<\/li>\n<li><a href=\"https:\/\/news.google.com\/rss\/articles\/CBMimwFBVV95cUxPTXJLN0ZnQTdVLWhsU2lVVEpVbWZZQlZGMnF2ME5Fdmc0S3lKNG9XeWdoTmg0dXFPZG9KX2VmVXZuanZnNmNWYUpKVHp6ZUxYVy1mWnVSbUVNcWJzOFZWVDF0am0xcE9YSnBzaTJWUVZONGNndXdockVCVkJIeXFyWFE1STh1cDJoTmhrdnZLSXN2QkNZLVBGcnZXUQ?oc=5\" target=\"_blank\" rel=\"nofollow noopener\">Veronika Djokic renova com o Benfica at\u00e9 2026<\/a>&nbsp;&nbsp;A Bola<\/li>\n<li><a href=\"https:\/\/news.google.com\/rss\/articles\/CBMiqgFBVV95cUxPNlFFam9qNVdlMVhfd3E4Q093aUlCdzZ2NlRzMm9XVDByRXhEVER5cVJJbkxnSDQtajBiZF9BWXpXR1U2UTZZM0did0dnTGRxaHFnbjNnZzF6R2RtMmwwMXVmTHNma0loT1ZranFmWlBpNHZGWWQtQ1gxT2FTYV83eTQ3d3hwN3lMb0s1LTExdHBGM1JGRnYzMGJ3U203SnlmTEZvRVJfZG16dw?oc=5\" target=\"_blank\" rel=\"nofollow noopener\">Mayara Barcelos \u00e9 refor\u00e7o!<\/a>&nbsp;&nbsp;Site Oficial do Sport Lisboa e Benfica<\/li>\n<li><a href=\"https:\/\/news.google.com\/rss\/articles\/CBMimAFBVV95cUxNZ0hoTzByRlhJVFJpVEY3UV9jZ2c2Tzk1N3JSYlZjeHFRMzVraUMybThRQjA2OEVXaFZhb3NMYW9qSl9wOXdBLVdjeE5OVEs2V0drQ19vNEZRNnJjUXJQTndvMjFwVHJjVk9tYzRHUjduS04zZ2JLZ0hPcm41RnJxVWFrS1FWYXBpSDVhV2loSzlwcGhIbUZHWQ?oc=5\" target=\"_blank\" rel=\"nofollow noopener\">Oficial: Rui Costa segura mais um central no Benfica: \u201cEstou muito feliz\u201d<\/a>&nbsp;&nbsp;Glorioso 1904<\/li>\n<li><a href=\"https:\/\/news.google.com\/rss\/articles\/CBMiugFBVV95cUxQT1RGb2pRQVpVYWxyUnFQNDNzUlgyM3RVSEE3N00taTFZaDFSNExOSnBJVDdfeEZwbXpTLWFCaWFLUWFINVhyYXl6Ul9OVEZEb0FxaDRzcHlGbnl1bG1Yc1JQOTAxUE1lWW5Sc0FNVll3LVBjdHBRWkhQU3FjdXhXeUJnNU5kZjU3ck1aVm5PZXRSOFlIcTBfYW5LekxQT2RlWFNOYm5hdFpxcjFLcU1KVTdtS2Q4dDRTTmc?oc=5\" target=\"_blank\" rel=\"nofollow noopener\">Voleibol: Veronika Djokic renova com o Benfica<\/a>&nbsp;&nbsp;Flashscore.pt<\/li>\n<\/ol>\n","protected":false},"excerpt":{"rendered":"Benfica anuncia um refor\u00e7o e uma renova\u00e7\u00e3o para a equipa feminina&nbsp;&nbsp;zerozero.pt Veronika Djokic renova com o Benfica at\u00e9&hellip;\n","protected":false},"author":2,"featured_media":13761,"comment_status":"","ping_status":"","sticky":false,"template":"","format":"standard","meta":{"footnotes":""},"categories":[87],"tags":[135,526,524,13,32,33,527,525,134,523],"class_list":{"0":"post-13760","1":"post","2":"type-post","3":"status-publish","4":"format-standard","5":"has-post-thumbnail","7":"category-desporto","8":"tag-desporto","9":"tag-football","10":"tag-futebol","11":"tag-noticias","12":"tag-portugal","13":"tag-pt","14":"tag-resultados","15":"tag-soccer","16":"tag-sports","17":"tag-zerozero"},"share_on_mastodon":{"url":"","error":""},"_links":{"self":[{"href":"https:\/\/www.europesays.com\/pt\/wp-json\/wp\/v2\/posts\/13760","targetHints":{"allow":["GET"]}}],"collection":[{"href":"https:\/\/www.europesays.com\/pt\/wp-json\/wp\/v2\/posts"}],"about":[{"href":"https:\/\/www.europesays.com\/pt\/wp-json\/wp\/v2\/types\/post"}],"author":[{"embeddable":true,"href":"https:\/\/www.europesays.com\/pt\/wp-json\/wp\/v2\/users\/2"}],"replies":[{"embeddable":true,"href":"https:\/\/www.europesays.com\/pt\/wp-json\/wp\/v2\/comments?post=13760"}],"version-history":[{"count":0,"href":"https:\/\/www.europesays.com\/pt\/wp-json\/wp\/v2\/posts\/13760\/revisions"}],"wp:featuredmedia":[{"embeddable":true,"href":"https:\/\/www.europesays.com\/pt\/wp-json\/wp\/v2\/media\/13761"}],"wp:attachment":[{"href":"https:\/\/www.europesays.com\/pt\/wp-json\/wp\/v2\/media?parent=13760"}],"wp:term":[{"taxonomy":"category","embeddable":true,"href":"https:\/\/www.europesays.com\/pt\/wp-json\/wp\/v2\/categories?post=13760"},{"taxonomy":"post_tag","embeddable":true,"href":"https:\/\/www.europesays.com\/pt\/wp-json\/wp\/v2\/tags?post=13760"}],"curies":[{"name":"wp","href":"https:\/\/api.w.org\/{rel}","templated":true}]}}