{"id":137695,"date":"2025-11-03T11:15:19","date_gmt":"2025-11-03T11:15:19","guid":{"rendered":"https:\/\/www.europesays.com\/pt\/137695\/"},"modified":"2025-11-03T11:15:19","modified_gmt":"2025-11-03T11:15:19","slug":"vem-ai-em-terra-forte-e-oficial-rosinha-e-dudu-tornam-se-namorados-novelas","status":"publish","type":"post","link":"https:\/\/www.europesays.com\/pt\/137695\/","title":{"rendered":"Vem a\u00ed em \u00abTerra Forte\u00bb: \u00c9 oficial! Rosinha e Dudu tornam-se namorados &#8211; Novelas"},"content":{"rendered":"<p>Em \u00abTerra Forte\u00bb, <a href=\"https:\/\/tvi.iol.pt\/novelas\/videos\/terra-forte-rosinha-salva-a-vida-de-dudu\/68f61d030cf29d28d8297586\" rel=\"nofollow noopener\" target=\"_blank\">Rosinha (Francisca Salgado)<\/a>\u00a0admite a <a href=\"https:\/\/tvi.iol.pt\/novelas\/videos\/terra-forte-dudu-apresenta-rosinha-a-sammy-e-a-rosa-maria\/68f7b86d0cf29d28d8297a76\" rel=\"nofollow noopener\" target=\"_blank\">Dudu (Tom\u00e1s Taborda)<\/a>\u00a0ter receio que <a href=\"https:\/\/tvi.iol.pt\/novelas\/videos\/terra-forte-maria-de-fatima-e-manuel-tinham-um-caso\/68f65cdc0cf29d28d82976cb\" rel=\"nofollow noopener\" target=\"_blank\">Maria de F\u00e1tima (Rita Pereira)<\/a> n\u00e3o aceite a rela\u00e7\u00e3o deles. Dudu sorri apaixonado e beija-a.\u00a0<\/p>\n<p>Rosinha olha embevecida para Dudu a admitir estar profundamente apaixonado por ela. Rosinha expressa o seu receio que Maria de F\u00e1tima os impe\u00e7a de namorar, ficando reconfortada por Dudu dizer que podem fingir que n\u00e3o t\u00eam nada um com o outro. Magui, que ouviu tudo, tro\u00e7a com eles, mas Rosinha pede-lhe para que fique de boca calada.<\/p>\n<p>Recorde o primeiro beijo:\u00a0<\/p>\n","protected":false},"excerpt":{"rendered":"Em \u00abTerra Forte\u00bb, Rosinha (Francisca Salgado)\u00a0admite a Dudu (Tom\u00e1s Taborda)\u00a0ter receio que Maria de F\u00e1tima (Rita Pereira) n\u00e3o&hellip;\n","protected":false},"author":2,"featured_media":122770,"comment_status":"","ping_status":"","sticky":false,"template":"","format":"standard","meta":{"footnotes":""},"categories":[142],"tags":[160,166,7094,114,115,157,167,27915,164,161,158,165,159,32,33,156,27917,18614,163,27916,151,162],"class_list":{"0":"post-137695","1":"post","2":"type-post","3":"status-publish","4":"format-standard","5":"has-post-thumbnail","7":"category-tv","8":"tag-ana-guiomar","9":"tag-cristina-ferreira","10":"tag-dudu","11":"tag-entertainment","12":"tag-entretenimento","13":"tag-festa-e-festa","14":"tag-ficcao","15":"tag-francisca-salgado","16":"tag-jose-fidalgo","17":"tag-novelas","18":"tag-para-sempre","19":"tag-pedro-sousa","20":"tag-pedro-teixeira","21":"tag-portugal","22":"tag-pt","23":"tag-queridos-papas","24":"tag-rosinha","25":"tag-terra-forte","26":"tag-tiago-teotonio-pereira","27":"tag-tomas-taborda","28":"tag-tv","29":"tag-tvi"},"share_on_mastodon":{"url":"https:\/\/pubeurope.com\/@pt\/115485482928494994","error":""},"_links":{"self":[{"href":"https:\/\/www.europesays.com\/pt\/wp-json\/wp\/v2\/posts\/137695","targetHints":{"allow":["GET"]}}],"collection":[{"href":"https:\/\/www.europesays.com\/pt\/wp-json\/wp\/v2\/posts"}],"about":[{"href":"https:\/\/www.europesays.com\/pt\/wp-json\/wp\/v2\/types\/post"}],"author":[{"embeddable":true,"href":"https:\/\/www.europesays.com\/pt\/wp-json\/wp\/v2\/users\/2"}],"replies":[{"embeddable":true,"href":"https:\/\/www.europesays.com\/pt\/wp-json\/wp\/v2\/comments?post=137695"}],"version-history":[{"count":0,"href":"https:\/\/www.europesays.com\/pt\/wp-json\/wp\/v2\/posts\/137695\/revisions"}],"wp:featuredmedia":[{"embeddable":true,"href":"https:\/\/www.europesays.com\/pt\/wp-json\/wp\/v2\/media\/122770"}],"wp:attachment":[{"href":"https:\/\/www.europesays.com\/pt\/wp-json\/wp\/v2\/media?parent=137695"}],"wp:term":[{"taxonomy":"category","embeddable":true,"href":"https:\/\/www.europesays.com\/pt\/wp-json\/wp\/v2\/categories?post=137695"},{"taxonomy":"post_tag","embeddable":true,"href":"https:\/\/www.europesays.com\/pt\/wp-json\/wp\/v2\/tags?post=137695"}],"curies":[{"name":"wp","href":"https:\/\/api.w.org\/{rel}","templated":true}]}}