{"id":137726,"date":"2025-11-03T11:42:08","date_gmt":"2025-11-03T11:42:08","guid":{"rendered":"https:\/\/www.europesays.com\/pt\/137726\/"},"modified":"2025-11-03T11:42:08","modified_gmt":"2025-11-03T11:42:08","slug":"se-nao-me-tivesse-demitido-talvez-pudesse-ter-feito-mais","status":"publish","type":"post","link":"https:\/\/www.europesays.com\/pt\/137726\/","title":{"rendered":"Se n\u00e3o me tivesse demitido, talvez pudesse ter feito mais"},"content":{"rendered":"<p>        \u201cDemiss\u00e3o? N\u00e3o me parece que isso ajude nada. Olhando para tr\u00e1s, se n\u00e3o me tivesse demitido talvez pudesse ter feito mais coisas\u201d, real\u00e7ou em entrevista \u00e0 \u201cCNN Portugal\u201d, contrariando a posi\u00e7\u00e3o de Jos\u00e9 Lu\u00eds Carneiro, secret\u00e1rio-geral do PS.    <\/p>\n<p>A ex-ministra da Sa\u00fade, Marta Temido, disse este domingo que a demiss\u00e3o de Ana Paula Martins, atual titular da pasta, n\u00e3o ir\u00e1 ajudar em nada o estado do Servi\u00e7o Nacional de Sa\u00fade, contrariando a posi\u00e7\u00e3o de Jos\u00e9 Lu\u00eds Carneiro que pediu a sa\u00edda da ministra na sexta-feira.<\/p>\n<p>\u201cDemiss\u00e3o? N\u00e3o me parece que isso ajude nada. Olhando para tr\u00e1s, se n\u00e3o me tivesse demitido talvez pudesse ter feito mais coisas\u201d, real\u00e7ou em entrevista \u00e0 \u201cCNN Portugal\u201d.<\/p>\n<p>Na sexta-feira, o secret\u00e1rio-geral do PS afirmou ainda que a ministra da Sa\u00fade \u201cn\u00e3o tem condi\u00e7\u00f5es para continuar\u201d. \u201cNo nosso entender algu\u00e9m devia ter a gentileza de transmitir \u00e0 ministra da Sa\u00fade que n\u00e3o tem condi\u00e7\u00f5es para continuar\u201d, referiu no Largo do Rato, salientando que essa responsabilidade cabe ao primeiro-ministro.<\/p>\n<p>No entanto, Marta Temido n\u00e3o poupou nas cr\u00edticas \u00e0 ministra da Sa\u00fade: \u201cNuma \u00e1rea com dificuldades conhecidas como \u00e9 a \u00e1rea da sa\u00fade, esta ministra n\u00e3o apresenta uma linha de reforma. H\u00e1 uma descontinuidade de pol\u00edticas sem avalia\u00e7\u00e3o e nem sequer houve preocupa\u00e7\u00e3o em falar com antigos titulares da pasta\u201d.<\/p>\n<p>Sobre a morte da gr\u00e1vida na semana passada, e a respetivas declara\u00e7\u00f5es de Ana Paula Martins no Parlamento, Marta Temido repudiou a abordagem da ministra: \u201cSe as pessoas est\u00e3o de passagem, isso regula-se noutro s\u00edtio: a partir do momento em que as pessoas c\u00e1 est\u00e3o, s\u00e3o da nossa responsabilidade. A minha responsabilidade sempre foi para com os mais vulner\u00e1veis\u201d.<\/p>\n","protected":false},"excerpt":{"rendered":"\u201cDemiss\u00e3o? N\u00e3o me parece que isso ajude nada. Olhando para tr\u00e1s, se n\u00e3o me tivesse demitido talvez pudesse&hellip;\n","protected":false},"author":2,"featured_media":137727,"comment_status":"","ping_status":"","sticky":false,"template":"","format":"standard","meta":{"footnotes":""},"categories":[50],"tags":[22114,27,28,15,16,14,25,26,21,22,12220,62,12,13,19,20,23,24,17,18,29,30,31,63,64,65],"class_list":{"0":"post-137726","1":"post","2":"type-post","3":"status-publish","4":"format-standard","5":"has-post-thumbnail","7":"category-mundo","8":"tag-ana-paula-martins","9":"tag-breaking-news","10":"tag-breakingnews","11":"tag-featured-news","12":"tag-featurednews","13":"tag-headlines","14":"tag-latest-news","15":"tag-latestnews","16":"tag-main-news","17":"tag-mainnews","18":"tag-marta-temido","19":"tag-mundo","20":"tag-news","21":"tag-noticias","22":"tag-noticias-principais","23":"tag-noticiasprincipais","24":"tag-principais-noticias","25":"tag-principaisnoticias","26":"tag-top-stories","27":"tag-topstories","28":"tag-ultimas","29":"tag-ultimas-noticias","30":"tag-ultimasnoticias","31":"tag-world","32":"tag-world-news","33":"tag-worldnews"},"share_on_mastodon":{"url":"https:\/\/pubeurope.com\/@pt\/115485589024481339","error":""},"_links":{"self":[{"href":"https:\/\/www.europesays.com\/pt\/wp-json\/wp\/v2\/posts\/137726","targetHints":{"allow":["GET"]}}],"collection":[{"href":"https:\/\/www.europesays.com\/pt\/wp-json\/wp\/v2\/posts"}],"about":[{"href":"https:\/\/www.europesays.com\/pt\/wp-json\/wp\/v2\/types\/post"}],"author":[{"embeddable":true,"href":"https:\/\/www.europesays.com\/pt\/wp-json\/wp\/v2\/users\/2"}],"replies":[{"embeddable":true,"href":"https:\/\/www.europesays.com\/pt\/wp-json\/wp\/v2\/comments?post=137726"}],"version-history":[{"count":0,"href":"https:\/\/www.europesays.com\/pt\/wp-json\/wp\/v2\/posts\/137726\/revisions"}],"wp:featuredmedia":[{"embeddable":true,"href":"https:\/\/www.europesays.com\/pt\/wp-json\/wp\/v2\/media\/137727"}],"wp:attachment":[{"href":"https:\/\/www.europesays.com\/pt\/wp-json\/wp\/v2\/media?parent=137726"}],"wp:term":[{"taxonomy":"category","embeddable":true,"href":"https:\/\/www.europesays.com\/pt\/wp-json\/wp\/v2\/categories?post=137726"},{"taxonomy":"post_tag","embeddable":true,"href":"https:\/\/www.europesays.com\/pt\/wp-json\/wp\/v2\/tags?post=137726"}],"curies":[{"name":"wp","href":"https:\/\/api.w.org\/{rel}","templated":true}]}}