{"id":137728,"date":"2025-11-03T11:46:07","date_gmt":"2025-11-03T11:46:07","guid":{"rendered":"https:\/\/www.europesays.com\/pt\/137728\/"},"modified":"2025-11-03T11:46:07","modified_gmt":"2025-11-03T11:46:07","slug":"gouveia-e-melo-lidera-corrida-a-belem-nao-ganha-a-primeira-mas-na-segunda-volta-supera-qualquer-rival-diario-de-noticias","status":"publish","type":"post","link":"https:\/\/www.europesays.com\/pt\/137728\/","title":{"rendered":"Gouveia e Melo lidera corrida a Bel\u00e9m. N\u00e3o ganha \u00e0 primeira, mas na segunda volta supera qualquer rival &#8211; Di\u00e1rio de Not\u00edcias"},"content":{"rendered":"<ol>\n<li><a href=\"https:\/\/news.google.com\/rss\/articles\/CBMitwFBVV95cUxQNHFvd3V5S1J1SGlHcVFIdm9ZSkdaQzJWcTNFQ2xvNlcxWk9veHV0R2U4V21tdUdpa2JSSEdIWVEwU2VHQ2dpMkh1bmJmVTZ5SnNNZHhPaDljTVdyTWtsVTVzcm1VVDFlTTREd3Jjb3M5MkI4RUlCaWpER0I0R3BCWU9neG1oQUFxQl9jUWdEQkhqTmExUG4zLXlyRVNodlVkNEczbTVodGxxZEh1RXduVkk2WDV1YWM?oc=5\" target=\"_blank\" rel=\"nofollow noopener\">Gouveia e Melo lidera corrida a Bel\u00e9m. N\u00e3o ganha \u00e0 primeira, mas na segunda volta supera qualquer rival<\/a>&nbsp;&nbsp;Di\u00e1rio de Not\u00edcias<\/li>\n<li><a href=\"https:\/\/news.google.com\/rss\/articles\/CBMixAFBVV95cUxNU0gtXzRWWmt4TmtoZDA1VWlyREtpeUhlOTlsVWhRZ01FMFk2N3QwU0Y0OS1kX01YVmhIMFQtNVo5YjJFb1hoMkJjYkF2dzBpd1FGZXFCNGdXLWhzVVpMM1c5ampmREFreTNFWllUWTNHMTM2bER2dEVhRkhRTW9tSDl2QnR6MllHV3M5Qko5clFCTGpsMzkxUWZpdnlubGdLVnBUakdWcERpTEZQaW9iNUpvcVJRa2thMF9McEpjNXp5Slk3?oc=5\" target=\"_blank\" rel=\"nofollow noopener\">Sondagem coloca Marques Mendes e Andr\u00e9 Ventura na segunda volta das presidenciais<\/a>&nbsp;&nbsp;Euronews.com<\/li>\n<li><a href=\"https:\/\/news.google.com\/rss\/articles\/CBMilwFBVV95cUxObDh2cDYzWVZCZUdVbnVhY0k4dWhpRFJYNHJQQURRb3RNRmY1c0dPTWItYXl1d3gxY1FCOHRiTDZNNmNsZGluT21EcnRDZVdIOTRMVkl5UEUyYU9Yc2NabHRtT0VPRFg1VWNvWktNaHVsOUUtY1JrMjlfcXVVdlY2QVlCQVVRcWluMTA5S0sxai1EX0RzaGNZ?oc=5\" target=\"_blank\" rel=\"nofollow noopener\">Sondagem. Gouveia e Melo \u00e0 frente, venceria na segunda volta<\/a>&nbsp;&nbsp;Observador<\/li>\n<li><a href=\"https:\/\/news.google.com\/rss\/articles\/CBMi2gFBVV95cUxQa0NYdnhGalVCMFV0UTRtQ3FtQ0hrbE9xWkc5V1o4X1BVMF9QZ1BWNDRwcmZxbWRWaHBqWDktYmdtN2RPanNubjhHcmdreXRvbjloRE41akF0bTl4SkFXSEM2TXczQkUtX3VrVHJ3WnlfWnIxSUVmeDFGOVJRcG8wS2lBNDRpMmFpaTlKYmFqd2xTVFRiSHkxQ2M0MGVEWGNtdk90TWhUcHJhTW9jX2ZhUU1DWmt4UGNfZzFtOE5VVXNPZ3NlbEJEcTZhRmRKT2pKMUFfNmtUS1BNUQ?oc=5\" target=\"_blank\" rel=\"nofollow noopener\">Sondagem d\u00e1 Gouveia e Melo na frente. Vence contra qualquer rival na 2\u00aa volta<\/a>&nbsp;&nbsp;Jornal de Neg\u00f3cios<\/li>\n<li><a href=\"https:\/\/news.google.com\/rss\/articles\/CBMirwFBVV95cUxNYTVGYkpySXBzai1MX2ZHaEdGSW9ja3Q2amRVcW5nbXd6Z0gyZm9JQktqeDFqdTdtTkk4Wkd4Z2o0VURrNzJ5cUlUWGJ2TVNZelUtM1RrQjM5ZVhYRTVYSkxkSUhfUXM2OHRIcGJuYkZkN3VEY2kycFpiNVcwVk5oVG0wbjN4c3Z0OGtVcWpETUROcGRoYnFzR1pIX1QyXzFWOW9CcXNEMzJWdHZ4Qnp3?oc=5\" target=\"_blank\" rel=\"nofollow noopener\">Presidenciais 2026: Gouveia e Melo e Ventura \u2018taco a taco\u2019 na primeira volta<\/a>&nbsp;&nbsp;Folha Nacional<\/li>\n<\/ol>\n","protected":false},"excerpt":{"rendered":"Gouveia e Melo lidera corrida a Bel\u00e9m. N\u00e3o ganha \u00e0 primeira, mas na segunda volta supera qualquer rival&nbsp;&nbsp;Di\u00e1rio&hellip;\n","protected":false},"author":2,"featured_media":137729,"comment_status":"","ping_status":"","sticky":false,"template":"","format":"standard","meta":{"footnotes":""},"categories":[8],"tags":[3386,17462,3399,19158,27,28,21811,306,15,16,9498,14,17460,28245,25,26,21,22,24788,12,13,19,20,30790,32,1076,23,24,33,17,18,29,30,31],"class_list":{"0":"post-137728","1":"post","2":"type-post","3":"status-publish","4":"format-standard","5":"has-post-thumbnail","7":"category-principais-noticias","8":"tag-andre-ventura","9":"tag-antonio-filipe","10":"tag-antonio-jose-seguro","11":"tag-barometro","12":"tag-breaking-news","13":"tag-breakingnews","14":"tag-catarina-martins","15":"tag-edicao-impressa","16":"tag-featured-news","17":"tag-featurednews","18":"tag-gouveia-e-melo","19":"tag-headlines","20":"tag-joao-cotrim-de-figueiredo","21":"tag-jorge-pinto","22":"tag-latest-news","23":"tag-latestnews","24":"tag-main-news","25":"tag-mainnews","26":"tag-marques-mendes","27":"tag-news","28":"tag-noticias","29":"tag-noticias-principais","30":"tag-noticiasprincipais","31":"tag-pedro-sequeira","32":"tag-portugal","33":"tag-presidenciais-2026","34":"tag-principais-noticias","35":"tag-principaisnoticias","36":"tag-pt","37":"tag-top-stories","38":"tag-topstories","39":"tag-ultimas","40":"tag-ultimas-noticias","41":"tag-ultimasnoticias"},"share_on_mastodon":{"url":"","error":"Validation failed: Text character limit of 500 exceeded"},"_links":{"self":[{"href":"https:\/\/www.europesays.com\/pt\/wp-json\/wp\/v2\/posts\/137728","targetHints":{"allow":["GET"]}}],"collection":[{"href":"https:\/\/www.europesays.com\/pt\/wp-json\/wp\/v2\/posts"}],"about":[{"href":"https:\/\/www.europesays.com\/pt\/wp-json\/wp\/v2\/types\/post"}],"author":[{"embeddable":true,"href":"https:\/\/www.europesays.com\/pt\/wp-json\/wp\/v2\/users\/2"}],"replies":[{"embeddable":true,"href":"https:\/\/www.europesays.com\/pt\/wp-json\/wp\/v2\/comments?post=137728"}],"version-history":[{"count":0,"href":"https:\/\/www.europesays.com\/pt\/wp-json\/wp\/v2\/posts\/137728\/revisions"}],"wp:featuredmedia":[{"embeddable":true,"href":"https:\/\/www.europesays.com\/pt\/wp-json\/wp\/v2\/media\/137729"}],"wp:attachment":[{"href":"https:\/\/www.europesays.com\/pt\/wp-json\/wp\/v2\/media?parent=137728"}],"wp:term":[{"taxonomy":"category","embeddable":true,"href":"https:\/\/www.europesays.com\/pt\/wp-json\/wp\/v2\/categories?post=137728"},{"taxonomy":"post_tag","embeddable":true,"href":"https:\/\/www.europesays.com\/pt\/wp-json\/wp\/v2\/tags?post=137728"}],"curies":[{"name":"wp","href":"https:\/\/api.w.org\/{rel}","templated":true}]}}