{"id":137742,"date":"2025-11-03T11:56:07","date_gmt":"2025-11-03T11:56:07","guid":{"rendered":"https:\/\/www.europesays.com\/pt\/137742\/"},"modified":"2025-11-03T11:56:07","modified_gmt":"2025-11-03T11:56:07","slug":"realme-c85-5g-e-lancado-com-bateria-gigante-e-preco-acessivel","status":"publish","type":"post","link":"https:\/\/www.europesays.com\/pt\/137742\/","title":{"rendered":"realme C85 5G \u00e9 lan\u00e7ado com bateria gigante e pre\u00e7o acess\u00edvel"},"content":{"rendered":"<p>A <strong>realme <\/strong>anunciou um novo smartphone no Vietn\u00e3: o <strong>C85 5G<\/strong>. O modelo \u00e9 a aposta mais recente da empresa no segmento de intermedi\u00e1rio b\u00e1sico, tendo como destaque uma bateria de alta capacidade, recursos de <a class=\"lib tg-lib\" href=\"https:\/\/www.oficinadanet.com.br\/inteligencia-artificial\" rel=\"nofollow noopener\" target=\"_blank\">intelig\u00eancia artificial<\/a> e resist\u00eancia \u00e0 \u00e1gua, tudo isso por um pre\u00e7o que deve atrair muitos consumidores. Na mesma ocasi\u00e3o, <a class=\"tg-link-manual\" href=\"https:\/\/www.oficinadanet.com.br\/noticias\/65564-realme-lanca-celular-a-prova-d-agua-com-bateria-de-7-000-mah-e-preco-baixo\" rel=\"nofollow noopener\" target=\"_blank\">a marca chinesa tamb\u00e9m oficializou o <strong>C85 Pro<\/strong><\/a>.<\/p>\n<p>O que o realme C85 5G oferece?<\/p>\n<p>O <strong>realme C85 5G<\/strong> traz um display <strong>IPS LCD de 6,8 polegadas<\/strong> com resolu\u00e7\u00e3o HD+, taxa de atualiza\u00e7\u00e3o de<strong> 144 Hz <\/strong>e <strong>1.200 nits <\/strong>de brilho m\u00e1ximo. O processador embarcado \u00e9 o <strong>Dimensity 6300<\/strong>, aliado a <strong>8 GB de RAM<\/strong> (expans\u00edvel virtualmente at\u00e9 24 GB) e <strong>256 GB de armazenamento<\/strong>, com possibilidade de expans\u00e3o via microSD.<\/p>\n<p>Na parte de c\u00e2meras, o conjunto \u00e9 bem simples, com sensor traseiro de <strong>50 MP<\/strong> e uma lente auxiliar de profundidade, enquanto a c\u00e2mera frontal \u00e9 de <strong>8 MP<\/strong>. O aparelho filma em at\u00e9 Full HD a 30 fps.<\/p>\n<p>            &#13;<br \/>\n                    &#13;<br \/>\n                        &#13;<br \/>\n                        &#13;<br \/>\n                        &#13;<br \/>\n                        &#13;<br \/>\n                        <img decoding=\"async\" loading=\"lazy\" width=\"330\" height=\"211\" src=\"https:\/\/www.europesays.com\/pt\/wp-content\/uploads\/2025\/11\/realmec855g-2.jpg\"  alt=\"realme C85 5G\" title=\"realme C85 5G\"\/>&#13;<br \/>\n                    realme C85 5G&#13;<\/p>\n<p>A bateria de <strong><a class=\"tg-link-manual\" href=\"https:\/\/www.oficinadanet.com.br\/onresponde\/64381-o-que-sao-baterias-silicio-carbono\" rel=\"nofollow noopener\" target=\"_blank\">sil\u00edcio-carbono<\/a><\/strong> \u00e9 o grande destaque, somando <strong>7.000 mAh<\/strong> com suporte a carregamento r\u00e1pido de <strong>45W<\/strong>. Em software, o <strong>C85 5G<\/strong> sai da caixa rodando a <strong>realme UI 6.0 <\/strong>baseada no<strong> Android 15<\/strong>, que traz recursos de intelig\u00eancia artificial para edi\u00e7\u00e3o de fotos, otimiza\u00e7\u00e3o da bateria, desempenho e mais.<\/p>\n<p>Outras caracter\u00edsticas do modelo incluem: Wi-Fi 5, <strong>Bluetooth 5.3<\/strong>, GPS, leitor de digitais na lateral e <strong>NFC <\/strong>para pagamentos por aproxima\u00e7\u00e3o. Ele tamb\u00e9m vem com certifica\u00e7\u00e3o <strong>IP69 Pro<\/strong> e <strong>MIL-STD-810H<\/strong>, que o torna resistente contra \u00e1gua e quedas.<\/p>\n<p>Pre\u00e7o e disponibilidade<\/p>\n<p>O <strong>realme C85 Pro<\/strong> j\u00e1 est\u00e1 dispon\u00edvel no Vietn\u00e3 nas cores Parrot Purple e Peacock Green. O pre\u00e7o sugerido \u00e9 de<strong> 7.690.000 VND (~R$ 1.571)<\/strong>. Ainda n\u00e3o h\u00e1 informa\u00e7\u00f5es sobre o lan\u00e7amento no Brasil.<\/p>\n<p><a href=\"https:\/\/www.gizmochina.com\/2025\/11\/02\/realme-c85-pro-realme-c85-5g-launched-vietnam\/\" class=\"tg-link-manual\" rel=\"nofollow  noopener\" target=\"_blank\">Via<\/a><\/p>\n","protected":false},"excerpt":{"rendered":"A realme anunciou um novo smartphone no Vietn\u00e3: o C85 5G. O modelo \u00e9 a aposta mais recente&hellip;\n","protected":false},"author":2,"featured_media":137743,"comment_status":"","ping_status":"","sticky":false,"template":"","format":"standard","meta":{"footnotes":""},"categories":[84],"tags":[109,107,108,13,32,33,2788,30791,105,103,104,954,106,110],"class_list":{"0":"post-137742","1":"post","2":"type-post","3":"status-publish","4":"format-standard","5":"has-post-thumbnail","7":"category-ciencia-e-tecnologia","8":"tag-ciencia","9":"tag-ciencia-e-tecnologia","10":"tag-cienciaetecnologia","11":"tag-noticias","12":"tag-portugal","13":"tag-pt","14":"tag-realme","15":"tag-realme-c85-5g","16":"tag-science","17":"tag-science-and-technology","18":"tag-scienceandtechnology","19":"tag-smartphones","20":"tag-technology","21":"tag-tecnologia"},"share_on_mastodon":{"url":"https:\/\/pubeurope.com\/@pt\/115485644294229636","error":""},"_links":{"self":[{"href":"https:\/\/www.europesays.com\/pt\/wp-json\/wp\/v2\/posts\/137742","targetHints":{"allow":["GET"]}}],"collection":[{"href":"https:\/\/www.europesays.com\/pt\/wp-json\/wp\/v2\/posts"}],"about":[{"href":"https:\/\/www.europesays.com\/pt\/wp-json\/wp\/v2\/types\/post"}],"author":[{"embeddable":true,"href":"https:\/\/www.europesays.com\/pt\/wp-json\/wp\/v2\/users\/2"}],"replies":[{"embeddable":true,"href":"https:\/\/www.europesays.com\/pt\/wp-json\/wp\/v2\/comments?post=137742"}],"version-history":[{"count":0,"href":"https:\/\/www.europesays.com\/pt\/wp-json\/wp\/v2\/posts\/137742\/revisions"}],"wp:featuredmedia":[{"embeddable":true,"href":"https:\/\/www.europesays.com\/pt\/wp-json\/wp\/v2\/media\/137743"}],"wp:attachment":[{"href":"https:\/\/www.europesays.com\/pt\/wp-json\/wp\/v2\/media?parent=137742"}],"wp:term":[{"taxonomy":"category","embeddable":true,"href":"https:\/\/www.europesays.com\/pt\/wp-json\/wp\/v2\/categories?post=137742"},{"taxonomy":"post_tag","embeddable":true,"href":"https:\/\/www.europesays.com\/pt\/wp-json\/wp\/v2\/tags?post=137742"}],"curies":[{"name":"wp","href":"https:\/\/api.w.org\/{rel}","templated":true}]}}