{"id":137781,"date":"2025-11-03T12:27:20","date_gmt":"2025-11-03T12:27:20","guid":{"rendered":"https:\/\/www.europesays.com\/pt\/137781\/"},"modified":"2025-11-03T12:27:20","modified_gmt":"2025-11-03T12:27:20","slug":"tensao-entre-china-e-eua-e-absolutamente-inutil","status":"publish","type":"post","link":"https:\/\/www.europesays.com\/pt\/137781\/","title":{"rendered":"Tens\u00e3o entre China e EUA &#8220;\u00e9 absolutamente in\u00fatil&#8221;"},"content":{"rendered":"<p>\t                Paulo Portas referiu que os EUA e Trump \u201cj\u00e1 percebeu que n\u00e3o pode fazer uma guerra comercial com a China\u201d como fez no seu primeiro mandato ou h\u00e1 20 anos<\/p>\n<p style=\"margin-bottom:11px\">Paulo Portas considera que a tens\u00e3o existente entre a China e os EUA devido \u00e0s tarifas \u00e9 \u201cabsolutamente in\u00fatil\u201d.<\/p>\n<p>O comentador da TVI analisou os resultados da cimeira entre Xi Jinping e Donald Trump no \u201cGlobal\u201d desta semana.<\/p>\n<p>\u201cN\u00f3s estivemos a viver um clima de tens\u00e3o absolutamente in\u00fatil porque o resultado \u00e9 voltar ao princ\u00edpio\u201d, argumentou Portas. \u201cDonald Trump abriu duas guerras comerciais com a China este ano e teve de recuar em ambas\u201d.<\/p>\n<p>O comentador referiu que Trump \u201cj\u00e1 percebeu que n\u00e3o pode fazer uma guerra comercial com a China\u201d como fez no seu primeiro mandato ou h\u00e1 20 anos.<\/p>\n<p>\u201cDonald Trump come\u00e7a sempre com umas tarifas de 145%, que s\u00e3o absolutamente absurdas, e acaba a recuar sistematicamente. Na base desta \u00faltima tens\u00e3o est\u00e1 um erro da administra\u00e7\u00e3o americana, que n\u00e3o se sabe se foi volunt\u00e1rio ou acidental, porque estava vigente aquela tr\u00e9gua de Londres de h\u00e1 seis meses, e de repente os Estados Unidos multiplicam por muitas unidades o n\u00famero de empresas chinesas para quem, se os americanos quiserem exportar, t\u00eam que pedir uma licen\u00e7a especial ao governo\u201d, explica o comentador.<\/p>\n<p>\u201cA China disse \u2018muito bem, ent\u00e3o se voc\u00eas querem multiplicar a lista negra, n\u00f3s vamos replicar as restri\u00e7\u00f5es das exporta\u00e7\u00f5es de terras raras\u2019. Essas terras raras, como j\u00e1 temos aqui dito muitas vezes, s\u00e3o absolutamente determinantes para o funcionamento da economia americana\u201d, acrescentou Portas, que disse que esses minerais s\u00e3o uma \u201carma negocial importante\u201d para Pequim.<\/p>\n<p>\u201cA China tem 48% das reservas, 70% da produ\u00e7\u00e3o e 90% da transforma\u00e7\u00e3o e processamento de terras raras, sem as quais a economia digital americana fica em dific\u00edlimo d\u00e9fice\u201d.<\/p>\n","protected":false},"excerpt":{"rendered":"Paulo Portas referiu que os EUA e Trump \u201cj\u00e1 percebeu que n\u00e3o pode fazer uma guerra comercial com&hellip;\n","protected":false},"author":2,"featured_media":99198,"comment_status":"","ping_status":"","sticky":false,"template":"","format":"standard","meta":{"footnotes":""},"categories":[50],"tags":[609,836,611,27,28,358,607,608,333,832,604,135,610,92,476,235,15,16,301,830,14,30796,603,25,26,570,21,22,831,833,62,834,12,13,19,20,835,602,52,32,23,24,11266,17,18,2183,29,30,31,63,64,65,7719],"class_list":{"0":"post-137781","1":"post","2":"type-post","3":"status-publish","4":"format-standard","5":"has-post-thumbnail","7":"category-mundo","8":"tag-alerta","9":"tag-analise","10":"tag-ao-minuto","11":"tag-breaking-news","12":"tag-breakingnews","13":"tag-china","14":"tag-cnn","15":"tag-cnn-portugal","16":"tag-comentadores","17":"tag-costa","18":"tag-crime","19":"tag-desporto","20":"tag-direto","21":"tag-donald-trump","22":"tag-economia","23":"tag-estados-unidos","24":"tag-featured-news","25":"tag-featurednews","26":"tag-governo","27":"tag-guerra","28":"tag-headlines","29":"tag-jinping","30":"tag-justica","31":"tag-latest-news","32":"tag-latestnews","33":"tag-live","34":"tag-main-news","35":"tag-mainnews","36":"tag-mais-vistas","37":"tag-marcelo","38":"tag-mundo","39":"tag-negocios","40":"tag-news","41":"tag-noticias","42":"tag-noticias-principais","43":"tag-noticiasprincipais","44":"tag-opiniao","45":"tag-pais","46":"tag-politica","47":"tag-portugal","48":"tag-principais-noticias","49":"tag-principaisnoticias","50":"tag-terras-raras","51":"tag-top-stories","52":"tag-topstories","53":"tag-trump","54":"tag-ultimas","55":"tag-ultimas-noticias","56":"tag-ultimasnoticias","57":"tag-world","58":"tag-world-news","59":"tag-worldnews","60":"tag-xi-jinping"},"share_on_mastodon":{"url":"","error":"Validation failed: Text character limit of 500 exceeded"},"_links":{"self":[{"href":"https:\/\/www.europesays.com\/pt\/wp-json\/wp\/v2\/posts\/137781","targetHints":{"allow":["GET"]}}],"collection":[{"href":"https:\/\/www.europesays.com\/pt\/wp-json\/wp\/v2\/posts"}],"about":[{"href":"https:\/\/www.europesays.com\/pt\/wp-json\/wp\/v2\/types\/post"}],"author":[{"embeddable":true,"href":"https:\/\/www.europesays.com\/pt\/wp-json\/wp\/v2\/users\/2"}],"replies":[{"embeddable":true,"href":"https:\/\/www.europesays.com\/pt\/wp-json\/wp\/v2\/comments?post=137781"}],"version-history":[{"count":0,"href":"https:\/\/www.europesays.com\/pt\/wp-json\/wp\/v2\/posts\/137781\/revisions"}],"wp:featuredmedia":[{"embeddable":true,"href":"https:\/\/www.europesays.com\/pt\/wp-json\/wp\/v2\/media\/99198"}],"wp:attachment":[{"href":"https:\/\/www.europesays.com\/pt\/wp-json\/wp\/v2\/media?parent=137781"}],"wp:term":[{"taxonomy":"category","embeddable":true,"href":"https:\/\/www.europesays.com\/pt\/wp-json\/wp\/v2\/categories?post=137781"},{"taxonomy":"post_tag","embeddable":true,"href":"https:\/\/www.europesays.com\/pt\/wp-json\/wp\/v2\/tags?post=137781"}],"curies":[{"name":"wp","href":"https:\/\/api.w.org\/{rel}","templated":true}]}}