{"id":137806,"date":"2025-11-03T12:47:09","date_gmt":"2025-11-03T12:47:09","guid":{"rendered":"https:\/\/www.europesays.com\/pt\/137806\/"},"modified":"2025-11-03T12:47:09","modified_gmt":"2025-11-03T12:47:09","slug":"globo-envia-musica-de-coracao-acelerado-para-radios-03-11-2025-outro-canal","status":"publish","type":"post","link":"https:\/\/www.europesays.com\/pt\/137806\/","title":{"rendered":"Globo envia m\u00fasica de Cora\u00e7\u00e3o Acelerado para r\u00e1dios &#8211; 03\/11\/2025 &#8211; Outro Canal"},"content":{"rendered":"<p>\n<strong class=\"c-signature__location\">Aracaju <\/strong>\n<\/p>\n<p>A <a href=\"https:\/\/www1.folha.uol.com.br\/folha-topicos\/globo\/\" rel=\"nofollow noopener\" target=\"_blank\">Globo<\/a> est\u00e1 empenhada para fazer &#8220;<a href=\"https:\/\/www1.folha.uol.com.br\/folha-topicos\/coracao-acelerado\/\" rel=\"nofollow noopener\" target=\"_blank\">Cora\u00e7\u00e3o Acelerado<\/a>&#8220;, sua pr\u00f3xima <a href=\"https:\/\/www1.folha.uol.com.br\/folha-topicos\/novela\/\" rel=\"nofollow noopener\" target=\"_blank\">novela<\/a> das sete que contar\u00e1 os bastidores da m\u00fasica sertaneja, dar certo. <a href=\"https:\/\/f5.folha.uol.com.br\/colunistas\/outro-canal\/2025\/07\/novela-da-globo-sobre-o-universo-sertanejo-vai-lancar-musicas-da-ficcao-na-vida-real.shtml\" rel=\"nofollow noopener\" target=\"\">A emissora enviou para r\u00e1dios a can\u00e7\u00e3o &#8220;Fora do Compasso&#8221;,<\/a> cantada por Jo\u00e3o Raul, protagonista da trama feito por Filipe Bragan\u00e7a, em parceria com <a href=\"https:\/\/www1.folha.uol.com.br\/folha-topicos\/maiara-e-maraisa\/\" rel=\"nofollow noopener\" target=\"_blank\">Maiara e Maraisa<\/a>.<\/p>\n<p>  <a href=\"https:\/\/f5.folha.uol.com.br\/colunistas\/outro-canal\/\" rel=\"nofollow noopener\" target=\"_blank\"><br \/>\n    <img decoding=\"async\" src=\"https:\/\/www.europesays.com\/pt\/wp-content\/uploads\/2025\/10\/172599691166e09f6f54fe2_1725996911_1x1_xs.jpg\" alt=\"Foto de Outro Canal\" class=\"img-responsive c-lazyload\"\/><\/p>\n<p>  <\/a><\/p>\n<p class=\"author__description\">\n    Cobre diariamente os bastidores das novelas, do telejornalismo e da m\u00eddia esportiva. Tem como titular o jornalista Gabriel Vaquer\n  <\/p>\n","protected":false},"excerpt":{"rendered":"Aracaju A Globo est\u00e1 empenhada para fazer &#8220;Cora\u00e7\u00e3o Acelerado&#8220;, sua pr\u00f3xima novela das sete que contar\u00e1 os bastidores&hellip;\n","protected":false},"author":2,"featured_media":137807,"comment_status":"","ping_status":"","sticky":false,"template":"","format":"standard","meta":{"footnotes":""},"categories":[142],"tags":[219,935,211,223,11259,114,115,224,225,30801,226,753,221,220,222,30800,2931,32,33,3962,2566,218,228,151,227],"class_list":{"0":"post-137806","1":"post","2":"type-post","3":"status-publish","4":"format-standard","5":"has-post-thumbnail","7":"category-tv","8":"tag-bichos","9":"tag-canais-de-tv","10":"tag-celebridades","11":"tag-colunistas","12":"tag-corao-acelerado","13":"tag-entertainment","14":"tag-entretenimento","15":"tag-estranho","16":"tag-eu-amo","17":"tag-feminejo","18":"tag-fofices","19":"tag-globo","20":"tag-horoscopo","21":"tag-humanos","22":"tag-humor","23":"tag-maiara-e-maraisa","24":"tag-novela","25":"tag-portugal","26":"tag-pt","27":"tag-sertanejo","28":"tag-televiso","29":"tag-televisao","30":"tag-tudo","31":"tag-tv","32":"tag-videos"},"share_on_mastodon":{"url":"https:\/\/pubeurope.com\/@pt\/115485844820976063","error":""},"_links":{"self":[{"href":"https:\/\/www.europesays.com\/pt\/wp-json\/wp\/v2\/posts\/137806","targetHints":{"allow":["GET"]}}],"collection":[{"href":"https:\/\/www.europesays.com\/pt\/wp-json\/wp\/v2\/posts"}],"about":[{"href":"https:\/\/www.europesays.com\/pt\/wp-json\/wp\/v2\/types\/post"}],"author":[{"embeddable":true,"href":"https:\/\/www.europesays.com\/pt\/wp-json\/wp\/v2\/users\/2"}],"replies":[{"embeddable":true,"href":"https:\/\/www.europesays.com\/pt\/wp-json\/wp\/v2\/comments?post=137806"}],"version-history":[{"count":0,"href":"https:\/\/www.europesays.com\/pt\/wp-json\/wp\/v2\/posts\/137806\/revisions"}],"wp:featuredmedia":[{"embeddable":true,"href":"https:\/\/www.europesays.com\/pt\/wp-json\/wp\/v2\/media\/137807"}],"wp:attachment":[{"href":"https:\/\/www.europesays.com\/pt\/wp-json\/wp\/v2\/media?parent=137806"}],"wp:term":[{"taxonomy":"category","embeddable":true,"href":"https:\/\/www.europesays.com\/pt\/wp-json\/wp\/v2\/categories?post=137806"},{"taxonomy":"post_tag","embeddable":true,"href":"https:\/\/www.europesays.com\/pt\/wp-json\/wp\/v2\/tags?post=137806"}],"curies":[{"name":"wp","href":"https:\/\/api.w.org\/{rel}","templated":true}]}}