{"id":137810,"date":"2025-11-03T12:52:09","date_gmt":"2025-11-03T12:52:09","guid":{"rendered":"https:\/\/www.europesays.com\/pt\/137810\/"},"modified":"2025-11-03T12:52:09","modified_gmt":"2025-11-03T12:52:09","slug":"saude-alerta-sobre-riscos-a-saude-no-uso-de-medicacao-para-emagrecimento-sem-orientacao-medica-e-orientado-pela-sesau-governo-do-estado-de-rondonia","status":"publish","type":"post","link":"https:\/\/www.europesays.com\/pt\/137810\/","title":{"rendered":"Sa\u00fade &#8211; Alerta sobre riscos \u00e0 sa\u00fade no uso de medica\u00e7\u00e3o para emagrecimento sem orienta\u00e7\u00e3o m\u00e9dica \u00e9 orientado pela Sesau &#8211; Governo do Estado de Rond\u00f4nia"},"content":{"rendered":"<p>\t\t\t\t\t\t<img fetchpriority=\"high\" decoding=\"async\" aria-describedby=\"caption-attachment-724796\" class=\"wp-image-724796 size-570wide lazyload\" alt=\"\" width=\"570\" height=\"380\" src=\"https:\/\/www.europesays.com\/pt\/wp-content\/uploads\/2025\/11\/Reinauguracao-Restaurante-Prato-Facil-Zona-Leste_18.12.23_Foto_Daiane-Mendonca-171-570x380.jpg\"  data- data-eio-rwidth=\"570\" data-eio-rheight=\"380\"\/><\/p>\n<p id=\"caption-attachment-724796\" class=\"wp-caption-text\"><strong>Uma alimenta\u00e7\u00e3o saud\u00e1vel, aliada \u00e0 pr\u00e1tica de exerc\u00edcios f\u00edsicos \u00e9 a principal chave para o emagrecimento seguro<\/strong><\/p>\n<blockquote>\n<p style=\"text-align: justify;\"><strong>C<\/strong>om o aumento do uso de medicamentos e produtos naturais para emagrecer entre a popula\u00e7\u00e3o, a Secretaria de Estado da Sa\u00fade (Sesau) faz um alerta sobre os riscos do uso indiscriminado de subst\u00e2ncias sem orienta\u00e7\u00e3o m\u00e9dica. O objetivo \u00e9 prevenir doen\u00e7as evit\u00e1veis e promover a conscientiza\u00e7\u00e3o sobre o autocuidado e a import\u00e2ncia da rotina com profissionais especializados.<\/p>\n<\/blockquote>\n<p style=\"text-align: justify;\">A endocrinologista e coordenadora do Programa de Obesidade da Policl\u00ednica Oswaldo Cruz (POC), Gisele Vasconcelos, afirmou que \u00e9 comum pacientes chegarem ao consult\u00f3rio com hepatite medicamentosa, causada pelo uso de produtos emagrecedores sem acompanhamento m\u00e9dico. \u201cA busca pelo corpo ideal leva muitas pessoas a quererem resultados imediatos. Recentemente, uma paciente chegou a ser internada na Unidade de Terapia Intensiva (UTI) por conta da combina\u00e7\u00e3o de produtos naturais para emagrecimento\u201d, relatou.<\/p>\n<p style=\"text-align: justify;\">Segundo dados de 2024 do Sistema de Vigil\u00e2ncia Alimentar e Nutricional (Sisvan), cerca de 198 mil adultos em Rond\u00f4nia est\u00e3o acima do peso. A nutricionista da POC, Andrea Lima, destacou que, embora muitos busquem m\u00e9todos r\u00e1pidos para emagrecer, acabam ignorando o b\u00e1sico. \u201cUma alimenta\u00e7\u00e3o saud\u00e1vel, aliada \u00e0 pr\u00e1tica de exerc\u00edcios f\u00edsicos \u00e9 a principal chave para o emagrecimento seguro. N\u00e3o \u00e9 necess\u00e1rio eliminar refei\u00e7\u00f5es importantes como o jantar, mas optar por alimentos ricos em prote\u00ednas e nutrientes\u201d, orientou a especialista.<\/p>\n<p style=\"text-align: justify;\">Entre janeiro e agosto deste ano, a POC realizou cerca de 3.232 atendimentos na especialidade de endocrinologia e 1.039 atendimentos em nutri\u00e7\u00e3o.<\/p>\n<p style=\"text-align: justify;\"><strong>Como emagrecer de forma saud\u00e1vel<\/strong><\/p>\n<p style=\"text-align: justify;\">De acordo com as especialistas, antes de iniciar qualquer dieta ou tratamento com produtos medicamentosos, \u00e9 fundamental procurar orienta\u00e7\u00e3o m\u00e9dica. Usu\u00e1rios do Sistema \u00danico de Sa\u00fade (SUS) que desejam uma consulta devem, primeiramente, procurar uma Unidade B\u00e1sica de Sa\u00fade (UBS).<\/p>\n<p style=\"text-align: justify;\"><strong>Confira algumas recomenda\u00e7\u00f5es:<\/strong><\/p>\n<ul>\n<li>Siga not\u00edcias nutricionais apenas em portais oficiais, como os do Minist\u00e9rio da Sa\u00fade e de \u00f3rg\u00e3os de sa\u00fade;<\/li>\n<li>Desconfie de conte\u00fados sensacionalistas que prometem emagrecimento r\u00e1pido;<\/li>\n<li>Mantenha uma rotina de exerc\u00edcios f\u00edsicos e alimenta\u00e7\u00e3o equilibrada;<\/li>\n<li>N\u00e3o pule refei\u00e7\u00f5es importantes, como caf\u00e9 da manh\u00e3, almo\u00e7o ou jantar;<\/li>\n<li>Estabele\u00e7a acompanhamento peri\u00f3dico com profissionais de sa\u00fade.<\/li>\n<\/ul>\n<p style=\"text-align: center;\"><strong><b><a class=\"btn btn-block btn-info\" href=\"https:\/\/whatsapp.com\/channel\/0029Va5uwxe9sBIFZJR53u0M\" target=\"_blank\" rel=\"noopener noreferrer nofollow\">ENTRE NO GRUPO DE WHATSAPP E RECEBA NOT\u00cdCIAS EM PRIMEIRA M\u00c3O<\/a><\/b><\/strong><\/p>\n","protected":false},"excerpt":{"rendered":"Uma alimenta\u00e7\u00e3o saud\u00e1vel, aliada \u00e0 pr\u00e1tica de exerc\u00edcios f\u00edsicos \u00e9 a principal chave para o emagrecimento seguro Com&hellip;\n","protected":false},"author":2,"featured_media":137811,"comment_status":"","ping_status":"","sticky":false,"template":"","format":"standard","meta":{"footnotes":""},"categories":[86],"tags":[989,986,301,116,988,987,32,33,985,984,117],"class_list":{"0":"post-137810","1":"post","2":"type-post","3":"status-publish","4":"format-standard","5":"has-post-thumbnail","7":"category-saude","8":"tag-amazonia","9":"tag-estado","10":"tag-governo","11":"tag-health","12":"tag-norte","13":"tag-portal","14":"tag-portugal","15":"tag-pt","16":"tag-ro","17":"tag-rondonia","18":"tag-saude"},"share_on_mastodon":{"url":"https:\/\/pubeurope.com\/@pt\/115485864624676118","error":""},"_links":{"self":[{"href":"https:\/\/www.europesays.com\/pt\/wp-json\/wp\/v2\/posts\/137810","targetHints":{"allow":["GET"]}}],"collection":[{"href":"https:\/\/www.europesays.com\/pt\/wp-json\/wp\/v2\/posts"}],"about":[{"href":"https:\/\/www.europesays.com\/pt\/wp-json\/wp\/v2\/types\/post"}],"author":[{"embeddable":true,"href":"https:\/\/www.europesays.com\/pt\/wp-json\/wp\/v2\/users\/2"}],"replies":[{"embeddable":true,"href":"https:\/\/www.europesays.com\/pt\/wp-json\/wp\/v2\/comments?post=137810"}],"version-history":[{"count":0,"href":"https:\/\/www.europesays.com\/pt\/wp-json\/wp\/v2\/posts\/137810\/revisions"}],"wp:featuredmedia":[{"embeddable":true,"href":"https:\/\/www.europesays.com\/pt\/wp-json\/wp\/v2\/media\/137811"}],"wp:attachment":[{"href":"https:\/\/www.europesays.com\/pt\/wp-json\/wp\/v2\/media?parent=137810"}],"wp:term":[{"taxonomy":"category","embeddable":true,"href":"https:\/\/www.europesays.com\/pt\/wp-json\/wp\/v2\/categories?post=137810"},{"taxonomy":"post_tag","embeddable":true,"href":"https:\/\/www.europesays.com\/pt\/wp-json\/wp\/v2\/tags?post=137810"}],"curies":[{"name":"wp","href":"https:\/\/api.w.org\/{rel}","templated":true}]}}