{"id":137814,"date":"2025-11-03T12:57:07","date_gmt":"2025-11-03T12:57:07","guid":{"rendered":"https:\/\/www.europesays.com\/pt\/137814\/"},"modified":"2025-11-03T12:57:07","modified_gmt":"2025-11-03T12:57:07","slug":"detido-suspeito-de-tiroteio-no-bairro-do-zambujal","status":"publish","type":"post","link":"https:\/\/www.europesays.com\/pt\/137814\/","title":{"rendered":"Detido suspeito de tiroteio no Bairro do Zambujal"},"content":{"rendered":"<p>                De acordo com a PSP, <b>cerca das 21h20 de domingo, a esquadra de Alfragide foi alertada para disparos no Bairro do Zambujal atribu\u00eddos a um homem que tentou, posteriormente, fugir numa viatura<\/b>.<\/p>\n<p>No decurso de uma persegui\u00e7\u00e3o policial, descreve a PSP, citada pela ag\u00eancia Lusa, <b>o suspeito parou a viatura em que seguia e largou v\u00e1rios objetos na via p\u00fablica: uma arma de fogo, duas muni\u00e7\u00f5es e um carregador vazio<\/b>.No local do tiroteio, foi recuperado um inv\u00f3lucro de calibre 6.35mm deflagrado.<\/p>\n<p>A viatura seria cercada pelos agentes. A bordo seguiam dez pessoas, entre homens, mulheres e crian\u00e7as. a PSP aponta o condutor o autor dos disparos. <\/p>\n<p>O suspeito, com 36 anos, deve ser ouvido esta segunda-feira pelas autoridades judiciais.<\/p>\n<p>c\/ Lusa&#13;\n            <\/p>\n","protected":false},"excerpt":{"rendered":"De acordo com a PSP, cerca das 21h20 de domingo, a esquadra de Alfragide foi alertada para disparos&hellip;\n","protected":false},"author":2,"featured_media":137815,"comment_status":"","ping_status":"","sticky":false,"template":"","format":"standard","meta":{"footnotes":""},"categories":[10],"tags":[4249,13915,27,28,16610,15,16,14,25,26,21,22,12,13,19,20,32,23,24,1306,33,23687,3512,17,18,29,30,31,30803],"class_list":{"0":"post-137814","1":"post","2":"type-post","3":"status-publish","4":"format-standard","5":"has-post-thumbnail","7":"category-portugal","8":"tag-amadora","9":"tag-bairro","10":"tag-breaking-news","11":"tag-breakingnews","12":"tag-detido","13":"tag-featured-news","14":"tag-featurednews","15":"tag-headlines","16":"tag-latest-news","17":"tag-latestnews","18":"tag-main-news","19":"tag-mainnews","20":"tag-news","21":"tag-noticias","22":"tag-noticias-principais","23":"tag-noticiasprincipais","24":"tag-portugal","25":"tag-principais-noticias","26":"tag-principaisnoticias","27":"tag-psp","28":"tag-pt","29":"tag-suspeito","30":"tag-tiroteio","31":"tag-top-stories","32":"tag-topstories","33":"tag-ultimas","34":"tag-ultimas-noticias","35":"tag-ultimasnoticias","36":"tag-zambujal"},"share_on_mastodon":{"url":"https:\/\/pubeurope.com\/@pt\/115485884248143232","error":""},"_links":{"self":[{"href":"https:\/\/www.europesays.com\/pt\/wp-json\/wp\/v2\/posts\/137814","targetHints":{"allow":["GET"]}}],"collection":[{"href":"https:\/\/www.europesays.com\/pt\/wp-json\/wp\/v2\/posts"}],"about":[{"href":"https:\/\/www.europesays.com\/pt\/wp-json\/wp\/v2\/types\/post"}],"author":[{"embeddable":true,"href":"https:\/\/www.europesays.com\/pt\/wp-json\/wp\/v2\/users\/2"}],"replies":[{"embeddable":true,"href":"https:\/\/www.europesays.com\/pt\/wp-json\/wp\/v2\/comments?post=137814"}],"version-history":[{"count":0,"href":"https:\/\/www.europesays.com\/pt\/wp-json\/wp\/v2\/posts\/137814\/revisions"}],"wp:featuredmedia":[{"embeddable":true,"href":"https:\/\/www.europesays.com\/pt\/wp-json\/wp\/v2\/media\/137815"}],"wp:attachment":[{"href":"https:\/\/www.europesays.com\/pt\/wp-json\/wp\/v2\/media?parent=137814"}],"wp:term":[{"taxonomy":"category","embeddable":true,"href":"https:\/\/www.europesays.com\/pt\/wp-json\/wp\/v2\/categories?post=137814"},{"taxonomy":"post_tag","embeddable":true,"href":"https:\/\/www.europesays.com\/pt\/wp-json\/wp\/v2\/tags?post=137814"}],"curies":[{"name":"wp","href":"https:\/\/api.w.org\/{rel}","templated":true}]}}