{"id":137816,"date":"2025-11-03T12:58:10","date_gmt":"2025-11-03T12:58:10","guid":{"rendered":"https:\/\/www.europesays.com\/pt\/137816\/"},"modified":"2025-11-03T12:58:10","modified_gmt":"2025-11-03T12:58:10","slug":"presidente-da-comunidade-valenciana-apresenta-demissao-um-ano-depois-das-cheias-espanha","status":"publish","type":"post","link":"https:\/\/www.europesays.com\/pt\/137816\/","title":{"rendered":"Presidente da Comunidade Valenciana apresenta demiss\u00e3o um ano depois das cheias | Espanha"},"content":{"rendered":"<p>Carlos Maz\u00f3n, presidente da Comunidade Valenciana, apresentou nesta segunda-feira a sua demiss\u00e3o do cargo, poucos dias depois de se ter cumprido um ano da passagem da depress\u00e3o DANA pela regi\u00e3o espanhola. As cheias provocadas pelas chuvas torrenciais fizeram 229 mortos, causaram <a href=\"https:\/\/www.publico.pt\/2024\/12\/21\/mundo\/reportagem\/voluntarios-continuam-salvar-povo-valencia-batalha-lama-2115799\" target=\"_blank\" rel=\"nofollow noopener\">estragos materiais<\/a> enormes e a resposta do governo local foi <a href=\"https:\/\/www.publico.pt\/2025\/03\/29\/mundo\/noticia\/cerca-25-mil-pessoas-manifestamse-valencia-gestao-cheias-2127856\" target=\"_blank\" rel=\"nofollow noopener\">muito criticada pelos familiares<\/a> das v\u00edtimas e pelos partidos opositores ao Partido Popular (PP).<\/p>\n<p>\u201cPor vontade pessoal, j\u00e1 me tinha demitido h\u00e1 mais tempo. Tive momentos insuport\u00e1veis e j\u00e1 n\u00e3o posso mais\u201d, disse Maz\u00f3n, do PP, numa declara\u00e7\u00e3o institucional. \u201cSei que cometi erros, vou viver com eles durante toda a minha vida. Pedi desculpa e volto hoje a repeti-lo, mas nenhum deles [dos erros] foi por c\u00e1lculo pol\u00edtico ou m\u00e1-f\u00e9.\u201d<\/p>\n<p>Afirmando que os \u201c\u00faltimos meses t\u00eam sido dur\u00edssimos\u201d, Maz\u00f3n sublinhou que \u201cnenhum governo auton\u00f3mico teve de lidar com um desafio nem remotamente parecido\u201d como o que ele teve de lidar em Val\u00eancia.<\/p>\n<p>        &#13;<\/p>\n<p>&#13;<br \/>\n                &#13;\n            <\/p>\n<p>&#13;<\/p>\n<p>E acrescentou que \u201cas v\u00edtimas t\u00eam todo o direito de se expressar como quiserem\u201d, numa refer\u00eancia aos protestos nas ruas, aos pedidos de demiss\u00e3o e \u00e0s cr\u00edticas dos familiares dos mortos, que voltaram a ocorrer durante o funeral de Estado organizado para as v\u00edtimas, realizado na semana passada.<\/p>\n<p>Ainda assim, deixou uma farpa ao Governo de Espanha, liderado pelo Partido Socialista (PSOE), afirmando que o \u201cru\u00eddo\u201d \u00e0 sua volta \u201c\u00e9 a desculpa perfeita para esconder as falhas do Governo\u201d. \u201cN\u00e3o vou cham\u00e1-los \u2018assassinos\u2019 por errarem nas suas previs\u00f5es\u201d, atirou.<\/p>\n<p>O an\u00fancio da demiss\u00e3o ocorre precisamente no dia em que a jornalista Maribel Vilaplana se apresenta em tribunal para prestar declara\u00e7\u00f5es no \u00e2mbito do processo judicial sobre a gest\u00e3o da cat\u00e1strofe. A jornalista almo\u00e7ou com Carlos Maz\u00f3n num restaurante de Val\u00eancia durante as primeiras horas da passagem da <a href=\"https:\/\/www.publico.pt\/2024\/10\/30\/azul\/noticia\/gota-fria-fenomeno-causou-fortes-chuvas-espanha-2110066\" target=\"_blank\" rel=\"nofollow noopener\">DANA<\/a>, no dia 29 de Outubro de 2024, quando a <a href=\"https:\/\/www.publico.pt\/2024\/11\/09\/azul\/noticia\/cheias-espanha-piores-ultimos-anos-eis-correu-mal-2111225\" target=\"_blank\" rel=\"nofollow noopener\">\u00e1gua j\u00e1 inundava<\/a> e causava estragos na regi\u00e3o.<\/p>\n<p>Em declara\u00e7\u00f5es \u00e0 ju\u00edza de instru\u00e7\u00e3o do caso, segundo o jornal digital El Diario, Vilaplana explicou que o convite para almo\u00e7ar no restaurante El Ventorro partiu do presidente da Comunidade Valenciana, que propunha \u201calgum tipo de colabora\u00e7\u00e3o\u201d, e esclareceu que n\u00e3o tem \u201cnenhum tipo de amizade ou de inimizado com o Sr. Maz\u00f3n\u201d.<\/p>\n<p>Durante as cerca de quatro horas que os dois estiveram \u00e0 mesa (entre as 15h e as 18h45), a jornalista conta que Maz\u00f3n recebeu e atendeu \u201cmuitas chamadas\u201d, levantando-se em v\u00e1rias ocasi\u00f5es, e sentando-se, por vezes, numa outra mesa para falar ao telefone, mas regressando e agindo sempre \u201ccom total normalidade\u201d.<\/p>\n<p>\u201cH\u00e1 um momento em h\u00e1 muitas chamadas [telef\u00f3nicas]. Era uma mesa muito grande, eu estava \u00e0 cabeceira. Ele virava-se, escrevia [nuns pap\u00e9is que lhe trouxeram] e olhava para mim\u201d, detalhou, citada pelo El Pa\u00eds. \u201cEle afastava-se quando o telefone tocava e eu dizia que podia sair. Ele dizia \u2018n\u00e3o te preocupes\u2019\u201d.<\/p>\n<p>        &#13;<\/p>\n<blockquote class=\"twitter-tweet\">\n<p lang=\"es\" dir=\"ltr\">Se va Maz\u00f3n, tarde y mal, pero queda el modelo PP en el que crecen los mazones. <\/p>\n<p>El modelo de las residencias y de los incendios, el de la DANA y los cribados. El de la mentira, la negligencia y los insultos. <\/p>\n<p>El problema no es Maz\u00f3n, es el PP. <a href=\"https:\/\/t.co\/WunTPk6iHm\" rel=\"nofollow\">pic.twitter.com\/WunTPk6iHm<\/a><\/p>\n<p>\u2014 M\u00f3nica Garc\u00eda (@Monica_Garcia_G) <a href=\"https:\/\/twitter.com\/Monica_Garcia_G\/status\/1985264850151288958?ref_src=twsrc%5Etfw\" rel=\"nofollow noopener\" target=\"_blank\">November 3, 2025<\/a><\/p><\/blockquote>\n<p> &#13;<\/p>\n<p>\u201c[Maz\u00f3n] nunca me falou de nada sobre essas chamadas, n\u00e3o ouvi palavras, n\u00e3o ouvi \u2018DANA\u2019, \u2018Cecopi\u2019 [Centro Integrado de Coordena\u00e7\u00e3o Operativa de Val\u00eancia] ou \u2018chuvas\u2019\u201d, assegura, acrescentando que ela pr\u00f3pria desconhecia a situa\u00e7\u00e3o no terreno, mesmo tendo recebido uma mensagem de um familiar durante o almo\u00e7o, que dava conta de que o rio Magro tinha transbordado e da gravidade da situa\u00e7\u00e3o, mas que ela diz que n\u00e3o leu.<\/p>\n<p>Emocionando-se a determinado momento da audi\u00eancia, explicando que se sente \u201cmuito utilizada\u201d e que foi uma \u201cmaldita coincid\u00eancia\u201d ter-se encontrado com Maz\u00f3n no dia da depress\u00e3o DANA, Vilaplana contou ainda que foi o presidente do governo auton\u00f3mico que decidiu terminar o almo\u00e7o e que a acompanhou at\u00e9 ao parque de estacionamento onde ela tinha deixado o carro, num passeio de \u201ccinco ou dez minutos\u201d, durante o qual conversaram \u201cum pouco\u201d e no fim do qual Maz\u00f3n n\u00e3o lhe disse para onde ia a seguir.<\/p>\n<p>Apesar da ren\u00fancia ao cargo, o pol\u00edtico conservador pretende manter-se como deputado auton\u00f3mico e recusa convocar elei\u00e7\u00f5es antecipadas. Em vez disso, desafiou a \u201cmaioria parlamentar viva, vigente e em marcha\u201d a \u201celeger um novo presidente da Generalitat\u201d. Ou seja, pediu ao PP e ao Vox, partido de direita radical, que, juntos, t\u00eam a maioria do parlamento regional, que se encarreguem de escolher o seu sucessor. Enquanto isso n\u00e3o acontece, Maz\u00f3n permanece na chefia do governo.<\/p>\n<p>M\u00f3nica Garc\u00eda, ministra da Sa\u00fade, reagiu \u00e0 demiss\u00e3o dizendo que \u201cMaz\u00f3n se vai embora tardiamente\u201d e Yolanda D\u00edaz, vice-presidente do Governo de Pedro S\u00e1nchez, criticou a forma como o presidente da Comunidade Valenciana anunciou a sua sa\u00edda, numa declara\u00e7\u00e3o institucional, afirmando que as \u201c<a href=\"https:\/\/www.publico.pt\/2024\/11\/01\/azul\/noticia\/continuam-alertas-chuva-torrencial-espanha-2110253\" target=\"_blank\" rel=\"nofollow noopener\">229 v\u00edtimas<\/a> e os seus familiares n\u00e3o o mereciam\u201d, tal como \u201cn\u00e3o mereciam o l\u00edder do PP, Albert N\u00fa\u00f1ez Feij\u00f3o, \u201cincapaz de liderar quando era mais necess\u00e1rio\u201d.<\/p>\n<p>            <script async src=\"https:\/\/platform.twitter.com\/widgets.js\" charset=\"utf-8\"><\/script><\/p>\n","protected":false},"excerpt":{"rendered":"Carlos Maz\u00f3n, presidente da Comunidade Valenciana, apresentou nesta segunda-feira a sua demiss\u00e3o do cargo, poucos dias depois de&hellip;\n","protected":false},"author":2,"featured_media":137817,"comment_status":"","ping_status":"","sticky":false,"template":"","format":"standard","meta":{"footnotes":""},"categories":[8],"tags":[27,28,14850,29568,640,15,16,14,25,26,21,22,62,12,13,19,20,30804,32,23,24,33,17,18,29,30,31,323],"class_list":{"0":"post-137816","1":"post","2":"type-post","3":"status-publish","4":"format-standard","5":"has-post-thumbnail","7":"category-principais-noticias","8":"tag-breaking-news","9":"tag-breakingnews","10":"tag-catastrofes-naturais","11":"tag-cheias","12":"tag-espanha","13":"tag-featured-news","14":"tag-featurednews","15":"tag-headlines","16":"tag-latest-news","17":"tag-latestnews","18":"tag-main-news","19":"tag-mainnews","20":"tag-mundo","21":"tag-news","22":"tag-noticias","23":"tag-noticias-principais","24":"tag-noticiasprincipais","25":"tag-partido-popular","26":"tag-portugal","27":"tag-principais-noticias","28":"tag-principaisnoticias","29":"tag-pt","30":"tag-top-stories","31":"tag-topstories","32":"tag-ultimas","33":"tag-ultimas-noticias","34":"tag-ultimasnoticias","35":"tag-valencia"},"share_on_mastodon":{"url":"https:\/\/pubeurope.com\/@pt\/115485888052367623","error":""},"_links":{"self":[{"href":"https:\/\/www.europesays.com\/pt\/wp-json\/wp\/v2\/posts\/137816","targetHints":{"allow":["GET"]}}],"collection":[{"href":"https:\/\/www.europesays.com\/pt\/wp-json\/wp\/v2\/posts"}],"about":[{"href":"https:\/\/www.europesays.com\/pt\/wp-json\/wp\/v2\/types\/post"}],"author":[{"embeddable":true,"href":"https:\/\/www.europesays.com\/pt\/wp-json\/wp\/v2\/users\/2"}],"replies":[{"embeddable":true,"href":"https:\/\/www.europesays.com\/pt\/wp-json\/wp\/v2\/comments?post=137816"}],"version-history":[{"count":0,"href":"https:\/\/www.europesays.com\/pt\/wp-json\/wp\/v2\/posts\/137816\/revisions"}],"wp:featuredmedia":[{"embeddable":true,"href":"https:\/\/www.europesays.com\/pt\/wp-json\/wp\/v2\/media\/137817"}],"wp:attachment":[{"href":"https:\/\/www.europesays.com\/pt\/wp-json\/wp\/v2\/media?parent=137816"}],"wp:term":[{"taxonomy":"category","embeddable":true,"href":"https:\/\/www.europesays.com\/pt\/wp-json\/wp\/v2\/categories?post=137816"},{"taxonomy":"post_tag","embeddable":true,"href":"https:\/\/www.europesays.com\/pt\/wp-json\/wp\/v2\/tags?post=137816"}],"curies":[{"name":"wp","href":"https:\/\/api.w.org\/{rel}","templated":true}]}}