{"id":137840,"date":"2025-11-03T13:17:18","date_gmt":"2025-11-03T13:17:18","guid":{"rendered":"https:\/\/www.europesays.com\/pt\/137840\/"},"modified":"2025-11-03T13:17:18","modified_gmt":"2025-11-03T13:17:18","slug":"fas-invadem-museu-para-ver-pintura-de-ofelia-que-tera-inspirado-cancao-de-taylor-swift","status":"publish","type":"post","link":"https:\/\/www.europesays.com\/pt\/137840\/","title":{"rendered":"F\u00e3s invadem museu para ver pintura de Of\u00e9lia que ter\u00e1 inspirado can\u00e7\u00e3o de Taylor Swift"},"content":{"rendered":"<p data-remotead-prev-elm=\"true\" data-remotead-elm-id=\"inread\">Os f\u00e3s participavam num evento especial para ver a pintura do artista Friedrich Heyser, que retrata Of\u00e9lia, a personagem de Hamlet, de Shakespeare, com um vestido branco a flutuar num rio entre flores antes da sua morte. No in\u00edcio do videoclipe de &#8220;The Fate of Ophelia&#8221;, do seu mais recente \u00e1lbum, &#8220;The Life of a Showgirl&#8221;, Taylor Swift surge no que parece ser uma r\u00e9plica da obra, deitada com um vestido branco, antes de a pintura ganhar vida e de come\u00e7ar a cantar.<\/p>\n<p>Desde o lan\u00e7amento do single, no m\u00eas passado, o museu de Wiesbaden tem sido inundado por f\u00e3s de Taylor Swift que procuram ver a obra. &#8220;\u00c9 incr\u00edvel que esta pintura, que inspirou Taylor Swift, esteja exposta aqui em Wiesbaden&#8221;, disse \u00e0 AFP Corinna Greiner, uma funcion\u00e1ria de escrit\u00f3rio de 47 anos que participava no evento de domingo com a filha. &#8220;Quando soube, fiquei simplesmente emocionada.&#8221;<\/p>\n<p data-remotead-prev-elm=\"true\" data-remotead-elm-id=\"centro1\">Cerca de 200 f\u00e3s compareceram ao evento com lota\u00e7\u00e3o esgotada, que come\u00e7ou com uma palestra de um dos especialistas do museu sobre a pintura.<\/p>\n<p><img decoding=\"async\" class=\"ngx-body\" guid=\"bf021267-ed0c-4d0b-a091-e1aad7abeaf8\" src=\"https:\/\/www.europesays.com\/pt\/wp-content\/uploads\/2025\/11\/1762175837_83_image.jpg\" width=\"100%\"\/><\/p>\n<p>De seguida, &#8220;The Fate of Ophelia&#8221; foi tocada em alto volume pelos altifalantes e os f\u00e3s levantaram-se para dan\u00e7ar em frente \u00e0 pintura de Heyer, antes de fazerem fila para tirar selfies com ela.<\/p>\n<p data-remotead-prev-elm=\"true\" data-remotead-elm-id=\"centro2\">&#8220;Adoro mesmo arte e queria ver a liga\u00e7\u00e3o entre a pintura de Of\u00e9lia e Taylor Swift na vida real&#8221;, disse \u00e0 AFP Isabelle Bastian, uma estudante de 26 anos que participava no evento. &#8220;A atmosfera \u00e9 \u00f3tima &#8211; \u00e9 como um miniconcerto&#8221;.<\/p>\n<p>Acredita-se que Heyser tenha conclu\u00eddo a obra que retrata Of\u00e9lia &#8211; uma nobre dinamarquesa da pe\u00e7a de Shakespeare, que enlouquece e se afoga &#8211; por volta de 1900. A obra faz parte do acervo do museu de Wiesbaden desde 2019.<\/p>\n<p><img decoding=\"async\" class=\"ngx-body\" guid=\"4c2c0cdd-83e5-49ee-88e4-84e820c0d1cb\" src=\"https:\/\/www.europesays.com\/pt\/wp-content\/uploads\/2025\/11\/1762175838_726_image.jpg\" width=\"100%\"\/><\/p>\n<p data-remotead-prev-elm=\"true\" data-remotead-elm-id=\"centro3\">No entanto, o museu n\u00e3o fazia ideia de que seria utilizada no videoclipe de Swift at\u00e9 que as suas redes sociais foram inundadas pela divulga\u00e7\u00e3o de &#8220;The Fate of Ophelia&#8221;, em outubro. &#8220;Fic\u00e1mos muito surpreendidos&#8221;, disse o diretor do museu, Andreas Henning, \u00e0 AFP. &#8220;N\u00e3o faz\u00edamos ideia de que Taylor Swift iria escolher esta pintura, e n\u00e3o faz\u00edamos a m\u00ednima ideia do que isso significaria. Os f\u00e3s da Taylor Swift est\u00e3o a vir da Alemanha, Fran\u00e7a e Inglaterra, \u00e9 um grande fen\u00f3meno.&#8221;<\/p>\n<p>O museu n\u00e3o recebeu qualquer comunica\u00e7\u00e3o de Taylor Swift ou da sua equipa sobre a liga\u00e7\u00e3o entre o seu sucesso, que \u00e9 o primeiro single do \u00e1lbum &#8220;The Life of a Showgirl&#8221;, e a pintura de Heyser. Por\u00e9m, os f\u00e3s est\u00e3o ansiosos para que a cantora fa\u00e7a uma visita. &#8220;Taylor, vem a Wiesbaden!&#8221;, cantavam em un\u00edssono no final do evento de domingo.<\/p>\n","protected":false},"excerpt":{"rendered":"Os f\u00e3s participavam num evento especial para ver a pintura do artista Friedrich Heyser, que retrata Of\u00e9lia, a&hellip;\n","protected":false},"author":2,"featured_media":137841,"comment_status":"","ping_status":"","sticky":false,"template":"","format":"standard","meta":{"footnotes":""},"categories":[141],"tags":[1305,114,115,62,149,150,32,33,1973,8231],"class_list":{"0":"post-137840","1":"post","2":"type-post","3":"status-publish","4":"format-standard","5":"has-post-thumbnail","7":"category-musica","8":"tag-alemanha","9":"tag-entertainment","10":"tag-entretenimento","11":"tag-mundo","12":"tag-music","13":"tag-musica","14":"tag-portugal","15":"tag-pt","16":"tag-taylor-swift","17":"tag-william-shakespeare"},"share_on_mastodon":{"url":"https:\/\/pubeurope.com\/@pt\/115485964107902568","error":""},"_links":{"self":[{"href":"https:\/\/www.europesays.com\/pt\/wp-json\/wp\/v2\/posts\/137840","targetHints":{"allow":["GET"]}}],"collection":[{"href":"https:\/\/www.europesays.com\/pt\/wp-json\/wp\/v2\/posts"}],"about":[{"href":"https:\/\/www.europesays.com\/pt\/wp-json\/wp\/v2\/types\/post"}],"author":[{"embeddable":true,"href":"https:\/\/www.europesays.com\/pt\/wp-json\/wp\/v2\/users\/2"}],"replies":[{"embeddable":true,"href":"https:\/\/www.europesays.com\/pt\/wp-json\/wp\/v2\/comments?post=137840"}],"version-history":[{"count":0,"href":"https:\/\/www.europesays.com\/pt\/wp-json\/wp\/v2\/posts\/137840\/revisions"}],"wp:featuredmedia":[{"embeddable":true,"href":"https:\/\/www.europesays.com\/pt\/wp-json\/wp\/v2\/media\/137841"}],"wp:attachment":[{"href":"https:\/\/www.europesays.com\/pt\/wp-json\/wp\/v2\/media?parent=137840"}],"wp:term":[{"taxonomy":"category","embeddable":true,"href":"https:\/\/www.europesays.com\/pt\/wp-json\/wp\/v2\/categories?post=137840"},{"taxonomy":"post_tag","embeddable":true,"href":"https:\/\/www.europesays.com\/pt\/wp-json\/wp\/v2\/tags?post=137840"}],"curies":[{"name":"wp","href":"https:\/\/api.w.org\/{rel}","templated":true}]}}