{"id":137853,"date":"2025-11-03T13:26:36","date_gmt":"2025-11-03T13:26:36","guid":{"rendered":"https:\/\/www.europesays.com\/pt\/137853\/"},"modified":"2025-11-03T13:26:36","modified_gmt":"2025-11-03T13:26:36","slug":"rui-borges-na-lista-do-wolverhampton-para-suceder-a-vitor-pereira","status":"publish","type":"post","link":"https:\/\/www.europesays.com\/pt\/137853\/","title":{"rendered":"Rui Borges na lista do Wolverhampton para suceder a V\u00edtor Pereira"},"content":{"rendered":"<p>&#8211; Advertisement &#8211;<\/p>\n<p><strong>Rui Borges est\u00e1 na lista do Wolverhampton. Clube ingl\u00eas despediu V\u00edtor Pereira e procura um novo treinador para assumir o clube.<\/strong><\/p>\n<p>O Wolverhampton <a href=\"https:\/\/bolanarede.pt\/especial-bola-na-rede\/atualidade\/wolverhampton-confirma-saida-de-vitor-pereira\/\" target=\"_blank\" rel=\"noreferrer noopener nofollow\">despediu V\u00edtor Pereira <\/a>e procura um novo treinador. De acordo com o Daily Mail, Rui Borges, treinador do Sporting, est\u00e1 na lista dos wolves.<\/p>\n<p>A mesma fonte d\u00e1 conta da valoriza\u00e7\u00e3o do treinador leonino no panorama europeu, mas de um fator que pode afastar o Wolverhampton: a necessidade de compensar financeiramente o Sporting pela transfer\u00eancia. Neste cen\u00e1rio, o nome de Gary O\u2019Neil, sem clube desde a sua sa\u00edda do Wolverhampton,<a href=\"https:\/\/bolanarede.pt\/especial-bola-na-rede\/atualidade\/wolverhampton-equipa-pode-trazer-de-volta-treinador-para-o-lugar-de-vitor-pereira\/\" target=\"_blank\" rel=\"noreferrer noopener nofollow\"> ganha for\u00e7a para assumir o clube.<\/a><\/p>\n<p>O Wolverhampton est\u00e1 no \u00faltimo lugar da Premier League com apenas dois pontos em 10 jogos. O clube continua sem somar qualquer vit\u00f3ria na competi\u00e7\u00e3o. <\/p>\n<blockquote class=\"twitter-tweet\" data-width=\"550\" data-dnt=\"true\">\n<p lang=\"en\" dir=\"ltr\">NEW: Sporting Lisbon coach Rui Borges is believed to be on Wolves\u2019s shortlist. Borges is highly regarded across Europe and it would require a compensation payment to release him from his contract. O\u2019Neil on list too as per <a href=\"https:\/\/twitter.com\/LiamKeen_Star?ref_src=twsrc%5Etfw\" rel=\"nofollow noopener\" target=\"_blank\">@LiamKeen_Star<\/a><\/p>\n<p>\u2014 Tom Collomosse (@TomCollomosse) <a href=\"https:\/\/twitter.com\/TomCollomosse\/status\/1985007981994577984?ref_src=twsrc%5Etfw\" rel=\"nofollow noopener\" target=\"_blank\">November 2, 2025<\/a><\/p><\/blockquote>\n<p><script async src=\"https:\/\/platform.twitter.com\/widgets.js\" charset=\"utf-8\"><\/script><\/p>\n","protected":false},"excerpt":{"rendered":"&#8211; Advertisement &#8211; Rui Borges est\u00e1 na lista do Wolverhampton. Clube ingl\u00eas despediu V\u00edtor Pereira e procura um&hellip;\n","protected":false},"author":2,"featured_media":137854,"comment_status":"","ping_status":"","sticky":false,"template":"","format":"standard","meta":{"footnotes":""},"categories":[8],"tags":[260,27,28,478,15,16,14,25,26,21,22,12,13,19,20,32,666,479,23,24,33,3880,34,17,18,29,30,31,8131,4157],"class_list":{"0":"post-137853","1":"post","2":"type-post","3":"status-publish","4":"format-standard","5":"has-post-thumbnail","7":"category-principais-noticias","8":"tag-atualidade","9":"tag-breaking-news","10":"tag-breakingnews","11":"tag-destaques-bnr","12":"tag-featured-news","13":"tag-featurednews","14":"tag-headlines","15":"tag-latest-news","16":"tag-latestnews","17":"tag-main-news","18":"tag-mainnews","19":"tag-news","20":"tag-noticias","21":"tag-noticias-principais","22":"tag-noticiasprincipais","23":"tag-portugal","24":"tag-premier-league","25":"tag-primeira-liga","26":"tag-principais-noticias","27":"tag-principaisnoticias","28":"tag-pt","29":"tag-rui-borges","30":"tag-sporting","31":"tag-top-stories","32":"tag-topstories","33":"tag-ultimas","34":"tag-ultimas-noticias","35":"tag-ultimasnoticias","36":"tag-vitor-pereira","37":"tag-wolverhampton"},"share_on_mastodon":{"url":"https:\/\/pubeurope.com\/@pt\/115485998041829335","error":""},"_links":{"self":[{"href":"https:\/\/www.europesays.com\/pt\/wp-json\/wp\/v2\/posts\/137853","targetHints":{"allow":["GET"]}}],"collection":[{"href":"https:\/\/www.europesays.com\/pt\/wp-json\/wp\/v2\/posts"}],"about":[{"href":"https:\/\/www.europesays.com\/pt\/wp-json\/wp\/v2\/types\/post"}],"author":[{"embeddable":true,"href":"https:\/\/www.europesays.com\/pt\/wp-json\/wp\/v2\/users\/2"}],"replies":[{"embeddable":true,"href":"https:\/\/www.europesays.com\/pt\/wp-json\/wp\/v2\/comments?post=137853"}],"version-history":[{"count":0,"href":"https:\/\/www.europesays.com\/pt\/wp-json\/wp\/v2\/posts\/137853\/revisions"}],"wp:featuredmedia":[{"embeddable":true,"href":"https:\/\/www.europesays.com\/pt\/wp-json\/wp\/v2\/media\/137854"}],"wp:attachment":[{"href":"https:\/\/www.europesays.com\/pt\/wp-json\/wp\/v2\/media?parent=137853"}],"wp:term":[{"taxonomy":"category","embeddable":true,"href":"https:\/\/www.europesays.com\/pt\/wp-json\/wp\/v2\/categories?post=137853"},{"taxonomy":"post_tag","embeddable":true,"href":"https:\/\/www.europesays.com\/pt\/wp-json\/wp\/v2\/tags?post=137853"}],"curies":[{"name":"wp","href":"https:\/\/api.w.org\/{rel}","templated":true}]}}