{"id":137857,"date":"2025-11-03T13:30:16","date_gmt":"2025-11-03T13:30:16","guid":{"rendered":"https:\/\/www.europesays.com\/pt\/137857\/"},"modified":"2025-11-03T13:30:16","modified_gmt":"2025-11-03T13:30:16","slug":"gerluce-tenta-roubar-arminda-e-e-pega-em-flagrante","status":"publish","type":"post","link":"https:\/\/www.europesays.com\/pt\/137857\/","title":{"rendered":"Gerluce tenta roubar Arminda e \u00e9 pega em flagrante"},"content":{"rendered":"<p>Em <a href=\"https:\/\/natelinha.uol.com.br\/novelas\/tres-gracas\" rel=\"nofollow noopener\" target=\"_blank\">Tr\u00eas Gra\u00e7as<\/a>, <a href=\"https:\/\/natelinha.uol.com.br\/novelas\/tres-gracas\/personagem\/gerluce\" rel=\"nofollow noopener\" target=\"_blank\">Gerluce<\/a> (Sophie Charlotte) vai tentar roubar o dinheiro que <a href=\"https:\/\/natelinha.uol.com.br\/novelas\/tres-gracas\/personagem\/arminda\" rel=\"nofollow noopener\" target=\"_blank\">Arminda<\/a> (Grazi Massafera) esconde dentro da est\u00e1tua. S\u00f3 que a cuidadora ser\u00e1 pega em flagrante no exato momento do crime. A cena que vai ao ar nesta semana na novela das 21h da Globo.<\/p>\n<p>Arminda tomar\u00e1 mais cuidado em manter seu segredo depois que <a href=\"https:\/\/natelinha.uol.com.br\/novelas\/tres-gracas\/personagem\/bagda\" rel=\"nofollow noopener\" target=\"_blank\">Bagd\u00e1<\/a> (Xam\u00e3) invade a casa da vil\u00e3 para cobrar a d\u00edvida de <a href=\"https:\/\/natelinha.uol.com.br\/novelas\/tres-gracas\/personagem\/raul\" rel=\"nofollow noopener\" target=\"_blank\">Raul<\/a> (Paulo Mendes). O traficante arromba a janela de um dos quartos da casa e se depara com a escultura.<\/p>\n<p>+ <a href=\"https:\/\/natelinha.uol.com.br\/novelas\/2025\/11\/02\/tres-gracas-leonardo-descobre-podre-de-ferette-e-toma-atitude-surpreendente-233371.php\" rel=\"nofollow noopener\" target=\"_blank\">Tr\u00eas Gra\u00e7as: Leonardo descobre podre de Ferette e toma atitude surpreendente<\/a><\/p>\n<p>continua depois da publicidade<\/p>\n<p><img decoding=\"async\" loading=\"lazy\" class=\"horizontal\" src=\"https:\/\/www.europesays.com\/pt\/wp-content\/uploads\/2025\/11\/globo-tres-gracas-arminda-grazi-massafera_9240.jpeg\" alt=\"imagem-texto\"\/><\/p>\n<p>No dia seguinte, ao ver a janela do quarto da escultura aberta, Arminda fica apavorada e conta para <a href=\"https:\/\/natelinha.uol.com.br\/novelas\/tres-gracas\/personagem\/ferette\" rel=\"nofollow noopener\" target=\"_blank\">Ferette<\/a> (Murilo Ben\u00edcio) que sua casa foi invadida. Em seguida, ela constata que nada foi roubado do quarto das Tr\u00eas Gra\u00e7as.<\/p>\n<p>Paralelamente, Gerluce ficar\u00e1 preocupada com o estado de sa\u00fade de <a href=\"https:\/\/natelinha.uol.com.br\/novelas\/tres-gracas\/personagem\/ligia\" rel=\"nofollow noopener\" target=\"_blank\">L\u00edgia<\/a> (Dira Paes), que se mostra cada vez mais debilitada. A hero\u00edna pensa ent\u00e3o em pegar o dinheiro que viu no quarto da casa de Arminda, escondido dentro da rel\u00edquia, a fim de comprar os rem\u00e9dios da m\u00e3e.<\/p>\n<p>+ <a href=\"https:\/\/natelinha.uol.com.br\/novelas\/2025\/11\/02\/eta-mundo-melhor-zulma-e-rejeitada-por-candinho-e-bota-dita-a-beira-da-morte-233372.php\" rel=\"nofollow noopener\" target=\"_blank\">\u00cata Mundo Melhor: Zulma \u00e9 rejeitada por Candinho e bota Dita \u00e0 beira da morte<\/a><\/p>\n<p>continua depois da publicidade<\/p>\n<p>No cap\u00edtulo de sexta-feira (7), Gerluce entra no quarto das Tr\u00eas Gra\u00e7as para pegar o dinheiro, mas se desespera ao notar que est\u00e1 presa no c\u00f4modo. A situa\u00e7\u00e3o ser\u00e1 o gancho do epis\u00f3dio, concluindo-se no s\u00e1bado (8).<\/p>\n<p>Gerluce decide devolver o dinheiro e consegue sair pela janela do quarto, observada por <a href=\"https:\/\/natelinha.uol.com.br\/novelas\/tres-gracas\/personagem\/celio\" rel=\"nofollow noopener\" target=\"_blank\">C\u00e9lio<\/a> (Ot\u00e1vio M\u00fcller). O filho de <a href=\"https:\/\/natelinha.uol.com.br\/novelas\/tres-gracas\/personagem\/rivaldo\" rel=\"nofollow noopener\" target=\"_blank\">Rivaldo<\/a> (Augusto Madeira), Cristiano (Davi Luis Flores) filma o momento em que a cuidadora de <a href=\"https:\/\/natelinha.uol.com.br\/novelas\/tres-gracas\/personagem\/josefa\" rel=\"nofollow noopener\" target=\"_blank\">Josefa<\/a> (Arlete Salles) sai do quarto das Tr\u00eas Gra\u00e7as pela janela.<\/p>\n<p><a href=\"https:\/\/natelinha.uol.com.br\/novelas\/tres-gracas\" rel=\"nofollow noopener\" target=\"_blank\">Tr\u00eas Gra\u00e7as<\/a> \u00e9 uma novela criada e escrita por Aguinaldo Silva, Virg\u00edlio Silva e Z\u00e9 Dassilva, com dire\u00e7\u00e3o art\u00edstica de Luiz Henrique Rios e produ\u00e7\u00e3o de Gustavo Rebelo e Silvana Feu. A dire\u00e7\u00e3o de g\u00eanero \u00e9 de Jos\u00e9 Luiz Villamarim.<\/p>\n<p>continua depois da publicidade<\/p>\n<p>O <strong>NaTelinha<\/strong> divulga todos os dias os resumos dos cap\u00edtulos, detalhes dos personagens, entrevistas exclusivas com o elenco e spoilers da novela Tr\u00eas Gra\u00e7as. <a href=\"https:\/\/natelinha.uol.com.br\/novelas\" rel=\"nofollow noopener\" target=\"_blank\">Confira!<\/a><\/p>\n","protected":false},"excerpt":{"rendered":"Em Tr\u00eas Gra\u00e7as, Gerluce (Sophie Charlotte) vai tentar roubar o dinheiro que Arminda (Grazi Massafera) esconde dentro da&hellip;\n","protected":false},"author":2,"featured_media":137858,"comment_status":"","ping_status":"","sticky":false,"template":"","format":"standard","meta":{"footnotes":""},"categories":[142],"tags":[114,115,30805,753,32,33,4374,4376,151],"class_list":{"0":"post-137857","1":"post","2":"type-post","3":"status-publish","4":"format-standard","5":"has-post-thumbnail","7":"category-tv","8":"tag-entertainment","9":"tag-entretenimento","10":"tag-gerluce-tres-gracas","11":"tag-globo","12":"tag-portugal","13":"tag-pt","14":"tag-sophie-charlotte","15":"tag-tres-gracas","16":"tag-tv"},"share_on_mastodon":{"url":"https:\/\/pubeurope.com\/@pt\/115486013919750344","error":""},"_links":{"self":[{"href":"https:\/\/www.europesays.com\/pt\/wp-json\/wp\/v2\/posts\/137857","targetHints":{"allow":["GET"]}}],"collection":[{"href":"https:\/\/www.europesays.com\/pt\/wp-json\/wp\/v2\/posts"}],"about":[{"href":"https:\/\/www.europesays.com\/pt\/wp-json\/wp\/v2\/types\/post"}],"author":[{"embeddable":true,"href":"https:\/\/www.europesays.com\/pt\/wp-json\/wp\/v2\/users\/2"}],"replies":[{"embeddable":true,"href":"https:\/\/www.europesays.com\/pt\/wp-json\/wp\/v2\/comments?post=137857"}],"version-history":[{"count":0,"href":"https:\/\/www.europesays.com\/pt\/wp-json\/wp\/v2\/posts\/137857\/revisions"}],"wp:featuredmedia":[{"embeddable":true,"href":"https:\/\/www.europesays.com\/pt\/wp-json\/wp\/v2\/media\/137858"}],"wp:attachment":[{"href":"https:\/\/www.europesays.com\/pt\/wp-json\/wp\/v2\/media?parent=137857"}],"wp:term":[{"taxonomy":"category","embeddable":true,"href":"https:\/\/www.europesays.com\/pt\/wp-json\/wp\/v2\/categories?post=137857"},{"taxonomy":"post_tag","embeddable":true,"href":"https:\/\/www.europesays.com\/pt\/wp-json\/wp\/v2\/tags?post=137857"}],"curies":[{"name":"wp","href":"https:\/\/api.w.org\/{rel}","templated":true}]}}