{"id":137868,"date":"2025-11-03T13:38:20","date_gmt":"2025-11-03T13:38:20","guid":{"rendered":"https:\/\/www.europesays.com\/pt\/137868\/"},"modified":"2025-11-03T13:38:20","modified_gmt":"2025-11-03T13:38:20","slug":"sword-health-quer-investir-250-milhoes-em-portugal-observador","status":"publish","type":"post","link":"https:\/\/www.europesays.com\/pt\/137868\/","title":{"rendered":"Sword Health quer investir 250 milh\u00f5es em Portugal \u2013 Observador"},"content":{"rendered":"<p>A portuguesa Sword Health vai refor\u00e7ar o investimento em Portugal. At\u00e9 2028, quer investir um total de <strong>250 milh\u00f5es de euros<\/strong> para \u201cimpulsionar a cria\u00e7\u00e3o de um hub mundial de inova\u00e7\u00e3o para o uso de<strong> intelig\u00eancia artificial na \u00e1rea da sa\u00fade\u201d.<\/strong><\/p>\n<p>Em comunicado, o unic\u00f3rnio portugu\u00eas \u2014 empresa avaliada em mais de mil milh\u00f5es de d\u00f3lares \u2014 refere que \u00e9 \u201catualmente o principal exportador europeu de IA em sa\u00fade\u201d.<\/p>\n<p>A empresa fundada por Virg\u00edlio Bento detalha que o investimento previsto incidir\u00e1 em tr\u00eas pilares: recursos humanos qualificados, infraestrutura tecnol\u00f3gica e investimento e desenvolvimento (I&amp;D), com \u201cfoco no treino de modelos de IA\u201d.<\/p>\n<p>No \u00e2mbito dos recursos humanos, a Sword Health revela que \u201caumentar\u00e1 de 30 para 60 milh\u00f5es de euros\u201d o montante associado \u00e0 \u00e1rea dos recursos humanos. Explica que pretende passar \u201cde cerca de 500 para mais de 930 pessoas\u201d a operar em Portugal. Especifica que, no caso dos engenheiros, passar\u00e1 de \u201c340 para mais de 700\u201d trabalhadores.<\/p>\n<p>A Sword explica que ir\u00e1 concentrar-se no recrutamento de profissionais com doutoramento. Para isso, explica que est\u00e1 previsto \u201co financiamento e integra\u00e7\u00e3o de rec\u00e9m-licenciados e investigadores, atrav\u00e9s da atribui\u00e7\u00e3o de mais de 60 bolsas de doutoramento e mestrado at\u00e9 2028, refor\u00e7ando a liga\u00e7\u00e3o da Sword ao meio acad\u00e9mico e \u00e0 investiga\u00e7\u00e3o\u201d.<\/p>\n<p>O unic\u00f3rnio portugu\u00eas vai tamb\u00e9m investir em infraestrutura de computa\u00e7\u00e3o em IA, mais concretamente na \u00e1rea da cria\u00e7\u00e3o e treino de modelos. Est\u00e1 previsto um investimento de \u201c10 milh\u00f5es de euros\u201d a partir de 2026, \u201cprevendo-se que o valor anual chegue aos 27 milh\u00f5es de euros em 2028\u201d.<\/p>\n<p>A Sword Health disponibiliza uma solu\u00e7\u00e3o de cuidados de sa\u00fade apoiada por IA. Trabalha com seguradoras, empregadores e sistemas nacionais de sa\u00fade. A empresa revela que tem \u201cmais de 600 mil pacientes em tr\u00eas continentes\u201d. A empresa \u00e9 um unic\u00f3rnio desde novembro de 2021.<\/p>\n<blockquote class=\"wp-embedded-content\" data-secret=\"Zdt1zrVXWD\">\n<p><a href=\"https:\/\/observador.pt\/2025\/02\/09\/sword-health-e-o-inem-fundador-de-unicornio-critica-tecnicos-do-estado-sem-conhecimento-e-empresas-que-parasitam-o-sistema\/\" rel=\"nofollow noopener\" target=\"_blank\">Sword Health e o INEM. Fundador de unic\u00f3rnio critica \u201ct\u00e9cnicos do Estado sem conhecimento\u201d e \u201cempresas que parasitam o sistema\u201d<\/a><\/p>\n<\/blockquote>\n","protected":false},"excerpt":{"rendered":"A portuguesa Sword Health vai refor\u00e7ar o investimento em Portugal. At\u00e9 2028, quer investir um total de 250&hellip;\n","protected":false},"author":2,"featured_media":137869,"comment_status":"","ping_status":"","sticky":false,"template":"","format":"standard","meta":{"footnotes":""},"categories":[83],"tags":[88,476,89,3765,90,644,32,33,2946,110],"class_list":{"0":"post-137868","1":"post","2":"type-post","3":"status-publish","4":"format-standard","5":"has-post-thumbnail","7":"category-empresas","8":"tag-business","9":"tag-economia","10":"tag-economy","11":"tag-empreendedorismo","12":"tag-empresas","13":"tag-inteligu00eancia-artificial","14":"tag-portugal","15":"tag-pt","16":"tag-sau00fade","17":"tag-tecnologia"},"share_on_mastodon":{"url":"https:\/\/pubeurope.com\/@pt\/115486045172362306","error":""},"_links":{"self":[{"href":"https:\/\/www.europesays.com\/pt\/wp-json\/wp\/v2\/posts\/137868","targetHints":{"allow":["GET"]}}],"collection":[{"href":"https:\/\/www.europesays.com\/pt\/wp-json\/wp\/v2\/posts"}],"about":[{"href":"https:\/\/www.europesays.com\/pt\/wp-json\/wp\/v2\/types\/post"}],"author":[{"embeddable":true,"href":"https:\/\/www.europesays.com\/pt\/wp-json\/wp\/v2\/users\/2"}],"replies":[{"embeddable":true,"href":"https:\/\/www.europesays.com\/pt\/wp-json\/wp\/v2\/comments?post=137868"}],"version-history":[{"count":0,"href":"https:\/\/www.europesays.com\/pt\/wp-json\/wp\/v2\/posts\/137868\/revisions"}],"wp:featuredmedia":[{"embeddable":true,"href":"https:\/\/www.europesays.com\/pt\/wp-json\/wp\/v2\/media\/137869"}],"wp:attachment":[{"href":"https:\/\/www.europesays.com\/pt\/wp-json\/wp\/v2\/media?parent=137868"}],"wp:term":[{"taxonomy":"category","embeddable":true,"href":"https:\/\/www.europesays.com\/pt\/wp-json\/wp\/v2\/categories?post=137868"},{"taxonomy":"post_tag","embeddable":true,"href":"https:\/\/www.europesays.com\/pt\/wp-json\/wp\/v2\/tags?post=137868"}],"curies":[{"name":"wp","href":"https:\/\/api.w.org\/{rel}","templated":true}]}}