{"id":137870,"date":"2025-11-03T13:40:13","date_gmt":"2025-11-03T13:40:13","guid":{"rendered":"https:\/\/www.europesays.com\/pt\/137870\/"},"modified":"2025-11-03T13:40:13","modified_gmt":"2025-11-03T13:40:13","slug":"portugal-inteiro-em-alerta-por-causa-da-chuva-que-chega-na-quarta-feira","status":"publish","type":"post","link":"https:\/\/www.europesays.com\/pt\/137870\/","title":{"rendered":"Portugal inteiro em alerta por causa da chuva que chega na quarta-feira"},"content":{"rendered":"<p>\t                Precipita\u00e7\u00e3o ser\u00e1 forte em alguns casos, sendo que as temperaturas v\u00e3o subir ligeiramente<\/p>\n<p>O mau tempo previsto para quarta-feira fez o Instituto Portugu\u00eas do Mar e da Atmosfera (IPMA) colocar sob aviso amarelo Portugal continental, com os avisos no litoral norte e centro a come\u00e7arem na noite de ter\u00e7a-feira.<\/p>\n<p>Segundo o IPMA, os distritos de Viana do Castelo, Braga, Porto, Aveiro, Coimbra e Leiria v\u00e3o estar sob aviso amarelo (o terceiro mais grave) a partir das 21:00 de ter\u00e7a-feira, por causa do vento e da agita\u00e7\u00e3o mar\u00edtima.<\/p>\n<p>O aviso amarelo vai estender-se depois a todo o territ\u00f3rio continental, a partir das 00:00, progressivamente, devido \u00e0 previs\u00e3o de precipita\u00e7\u00e3o, por vezes forte.<\/p>\n<p>A informa\u00e7\u00e3o do IPMA indica que estes avisos amarelos por causa da chuva em Portugal continental estar\u00e3o ativos pelo menos at\u00e9 \u00e0s 15:00 de quarta-feira.<\/p>\n<p>Para esta segunda-feira, o IPMA prev\u00ea uma pequena descida da temperatura m\u00ednima, em especial na regi\u00e3o Sul. Quanto \u00e0 temperatura m\u00e1xima, vai subir ligeiramente no interior Norte e Centro e registar uma pequena descida no Algarve.<\/p>\n<p>Quanto a temperaturas, a m\u00ednima vai variar entre os 3\u00ba Celsius (Bragan\u00e7a) e os 12\u00ba (Faro) e a m\u00e1xima entre os 13\u00ba (Guarda) e os 22\u00ba (\u00c9vora e Set\u00fabal).<\/p>\n","protected":false},"excerpt":{"rendered":"Precipita\u00e7\u00e3o ser\u00e1 forte em alguns casos, sendo que as temperaturas v\u00e3o subir ligeiramente O mau tempo previsto para&hellip;\n","protected":false},"author":2,"featured_media":137871,"comment_status":"","ping_status":"","sticky":false,"template":"","format":"standard","meta":{"footnotes":""},"categories":[10],"tags":[609,836,611,4114,27,28,2139,607,608,333,832,604,135,610,476,15,16,301,830,14,603,25,26,570,21,22,831,833,8532,62,834,12,13,19,20,835,602,52,32,23,24,33,30806,17,18,29,30,31],"class_list":{"0":"post-137870","1":"post","2":"type-post","3":"status-publish","4":"format-standard","5":"has-post-thumbnail","7":"category-portugal","8":"tag-alerta","9":"tag-analise","10":"tag-ao-minuto","11":"tag-aviso-amarelo","12":"tag-breaking-news","13":"tag-breakingnews","14":"tag-chuva","15":"tag-cnn","16":"tag-cnn-portugal","17":"tag-comentadores","18":"tag-costa","19":"tag-crime","20":"tag-desporto","21":"tag-direto","22":"tag-economia","23":"tag-featured-news","24":"tag-featurednews","25":"tag-governo","26":"tag-guerra","27":"tag-headlines","28":"tag-justica","29":"tag-latest-news","30":"tag-latestnews","31":"tag-live","32":"tag-main-news","33":"tag-mainnews","34":"tag-mais-vistas","35":"tag-marcelo","36":"tag-mau-tempo","37":"tag-mundo","38":"tag-negocios","39":"tag-news","40":"tag-noticias","41":"tag-noticias-principais","42":"tag-noticiasprincipais","43":"tag-opiniao","44":"tag-pais","45":"tag-politica","46":"tag-portugal","47":"tag-principais-noticias","48":"tag-principaisnoticias","49":"tag-pt","50":"tag-tempo-semana","51":"tag-top-stories","52":"tag-topstories","53":"tag-ultimas","54":"tag-ultimas-noticias","55":"tag-ultimasnoticias"},"share_on_mastodon":{"url":"","error":"Validation failed: Text character limit of 500 exceeded"},"_links":{"self":[{"href":"https:\/\/www.europesays.com\/pt\/wp-json\/wp\/v2\/posts\/137870","targetHints":{"allow":["GET"]}}],"collection":[{"href":"https:\/\/www.europesays.com\/pt\/wp-json\/wp\/v2\/posts"}],"about":[{"href":"https:\/\/www.europesays.com\/pt\/wp-json\/wp\/v2\/types\/post"}],"author":[{"embeddable":true,"href":"https:\/\/www.europesays.com\/pt\/wp-json\/wp\/v2\/users\/2"}],"replies":[{"embeddable":true,"href":"https:\/\/www.europesays.com\/pt\/wp-json\/wp\/v2\/comments?post=137870"}],"version-history":[{"count":0,"href":"https:\/\/www.europesays.com\/pt\/wp-json\/wp\/v2\/posts\/137870\/revisions"}],"wp:featuredmedia":[{"embeddable":true,"href":"https:\/\/www.europesays.com\/pt\/wp-json\/wp\/v2\/media\/137871"}],"wp:attachment":[{"href":"https:\/\/www.europesays.com\/pt\/wp-json\/wp\/v2\/media?parent=137870"}],"wp:term":[{"taxonomy":"category","embeddable":true,"href":"https:\/\/www.europesays.com\/pt\/wp-json\/wp\/v2\/categories?post=137870"},{"taxonomy":"post_tag","embeddable":true,"href":"https:\/\/www.europesays.com\/pt\/wp-json\/wp\/v2\/tags?post=137870"}],"curies":[{"name":"wp","href":"https:\/\/api.w.org\/{rel}","templated":true}]}}