{"id":137911,"date":"2025-11-03T14:23:14","date_gmt":"2025-11-03T14:23:14","guid":{"rendered":"https:\/\/www.europesays.com\/pt\/137911\/"},"modified":"2025-11-03T14:23:14","modified_gmt":"2025-11-03T14:23:14","slug":"a-fruta-comum-que-limpa-o-pulmao-da-poluicao-segundo-estudos","status":"publish","type":"post","link":"https:\/\/www.europesays.com\/pt\/137911\/","title":{"rendered":"A fruta comum que &#8220;limpa&#8221; o pulm\u00e3o da polui\u00e7\u00e3o, segundo estudos"},"content":{"rendered":"<p>                        <img width=\"944\" height=\"531\" src=\"https:\/\/www.europesays.com\/pt\/wp-content\/uploads\/2025\/11\/beneficios-da-laranja-944x531.jpg\" class=\"attachment-custom-large size-custom-large article-featured-image\" alt=\"benef\u00edcios da laranja\" fetchpriority=\"high\" decoding=\"async\"  \/><\/p>\n<p>Para aproveitar todos os benef\u00edcios, prefira consumir a fruta inteira e n\u00e3o apenas o suco (Foto: Reprodu\u00e7\u00e3o)<\/p>\n<p>Nos \u00faltimos anos, cresceu o interesse por alimentos que ajudam a proteger o organismo contra os efeitos da polui\u00e7\u00e3o e do estresse. E uma fruta comum nas mesas brasileiras se destaca nesse papel: a laranja. Rica em antioxidantes, ela limpa os pulm\u00f5es e reduz o risco de derrames.<\/p>\n<p>Continua depois da publicidade<\/p>\n<p>O segredo est\u00e1 nos nutrientes. A vitamina C, presente em abund\u00e2ncia na fruta, combate inflama\u00e7\u00f5es, fortalece o sistema imunol\u00f3gico e ajuda o corpo a se defender de doen\u00e7as respirat\u00f3rias e cardiovasculares.<\/p>\n<p>Antes de seguir, veja essas 9 frutas s\u00e3o ricas em prote\u00ednas e devem estar na dieta de quem busca sa\u00fade1<\/p>\n<p>VoltarAvan\u00e7ar<\/p>\n<p><img loading=\"lazy\" decoding=\"async\" width=\"1200\" height=\"675\" data-id=\"7442853\" src=\"https:\/\/www.europesays.com\/pt\/wp-content\/uploads\/2025\/11\/9-frutas-sao-ricas-em-proteinas.jpg\" alt=\"9 frutas s\u00e3o ricas em prote\u00ednas \" class=\"wp-image-7442853\"  \/><\/p>\n<p>Maracuj\u00e1: 5 gramas de prote\u00edna por x\u00edcara (Foto: Banco de Imagens)<\/p>\n<p><img loading=\"lazy\" decoding=\"async\" width=\"1200\" height=\"675\" data-id=\"7442845\" src=\"https:\/\/www.europesays.com\/pt\/wp-content\/uploads\/2025\/11\/9-frutas-sao-ricas-em-proteinas-2.jpg\" alt=\"\" class=\"wp-image-7442845\"  \/><\/p>\n<p>Jaca: textura que imita a carne (Foto: Banco de Imagens)<\/p>\n<p><img loading=\"lazy\" decoding=\"async\" width=\"1200\" height=\"675\" data-id=\"7442846\" src=\"https:\/\/www.europesays.com\/pt\/wp-content\/uploads\/2025\/11\/9-frutas-sao-ricas-em-proteinas-3.jpg\" alt=\"9 frutas s\u00e3o ricas em prote\u00ednas \" class=\"wp-image-7442846\"  \/><\/p>\n<p>Rom\u00e3: antioxidantes e 2,9 gramas de prote\u00edna (Foto: Banco de Imagens)<\/p>\n<p><img loading=\"lazy\" decoding=\"async\" width=\"1200\" height=\"675\" data-id=\"7442847\" src=\"https:\/\/www.europesays.com\/pt\/wp-content\/uploads\/2025\/11\/9-frutas-sao-ricas-em-proteinas-4.jpg\" alt=\"\" class=\"wp-image-7442847\"  \/><\/p>\n<p>Damascos: frescos ou secos (Foto: Banco de Imagens)<\/p>\n<p><img loading=\"lazy\" decoding=\"async\" width=\"1200\" height=\"675\" data-id=\"7442848\" src=\"https:\/\/www.europesays.com\/pt\/wp-content\/uploads\/2025\/11\/9-frutas-sao-ricas-em-proteinas-5.jpg\" alt=\"9 frutas s\u00e3o ricas em prote\u00ednas \" class=\"wp-image-7442848\"  \/><\/p>\n<p>Amoras: 2 gramas de prote\u00edna e antioxidantes (Foto: Banco de Imagens)<\/p>\n<p><img loading=\"lazy\" decoding=\"async\" width=\"1200\" height=\"675\" data-id=\"7442849\" src=\"https:\/\/www.europesays.com\/pt\/wp-content\/uploads\/2025\/11\/9-frutas-sao-ricas-em-proteinas-6.jpg\" alt=\"\" class=\"wp-image-7442849\"  \/><\/p>\n<p>Goiaba: vers\u00e1til e nutritiva (Foto: Banco de Imagens)<\/p>\n<p><img loading=\"lazy\" decoding=\"async\" width=\"1200\" height=\"675\" data-id=\"7442850\" src=\"https:\/\/www.europesays.com\/pt\/wp-content\/uploads\/2025\/11\/9-frutas-sao-ricas-em-proteinas-7.jpg\" alt=\"9 frutas s\u00e3o ricas em prote\u00ednas \" class=\"wp-image-7442850\"  \/><\/p>\n<p>Passas: pequenas, mas poderosas (Foto: Banco de Imagens)<\/p>\n<p><img loading=\"lazy\" decoding=\"async\" width=\"1200\" height=\"675\" data-id=\"7442851\" src=\"https:\/\/www.europesays.com\/pt\/wp-content\/uploads\/2025\/11\/9-frutas-sao-ricas-em-proteinas-8.jpg\" alt=\"\" class=\"wp-image-7442851\"  \/><\/p>\n<p>Mel\u00e3o: hidrata\u00e7\u00e3o e 1,3 gramas de prote\u00edna (Foto: Banco de Imagens)<\/p>\n<p>O papel da laranja na sa\u00fade dos pulm\u00f5es<\/p>\n<p>Pesquisas recentes mostram que o consumo regular de frutas c\u00edtricas, como a laranja, est\u00e1 ligado a um menor risco de doen\u00e7as respirat\u00f3rias cr\u00f4nicas. Isso porque seus compostos antioxidantes e anti-inflamat\u00f3rios protegem as vias a\u00e9reas.<\/p>\n<p>Essas subst\u00e2ncias reduzem os danos causados por poluentes e pelo tabaco, al\u00e9m de ajudarem o corpo a eliminar toxinas que afetam o sistema respirat\u00f3rio. Por isso, incluir a fruta na rotina pode ser uma estrat\u00e9gia simples para melhorar a sa\u00fade pulmonar.<\/p>\n<p>Continua depois da publicidade<\/p>\n<p>Al\u00e9m disso, a vitamina C neutraliza radicais livres \u2014 mol\u00e9culas que aceleram o envelhecimento das c\u00e9lulas e favorecem inflama\u00e7\u00f5es. O resultado \u00e9 um pulm\u00e3o mais limpo, resistente e com melhor capacidade de respira\u00e7\u00e3o.<\/p>\n<p>Mais energia e defesa: o poder da vitamina C<\/p>\n<p>A laranja \u00e9 uma das frutas mais eficazes para refor\u00e7ar o sistema imunol\u00f3gico. A vitamina C estimula a produ\u00e7\u00e3o de gl\u00f3bulos brancos, c\u00e9lulas respons\u00e1veis pela defesa do organismo contra v\u00edrus e bact\u00e9rias.<\/p>\n<p>Esse efeito ajuda a reduzir a intensidade e a dura\u00e7\u00e3o de resfriados e gripes, especialmente em per\u00edodos frios ou de alta polui\u00e7\u00e3o. Com consumo frequente, a fruta ainda melhora a resposta do corpo a infec\u00e7\u00f5es respirat\u00f3rias.<\/p>\n<p>Continua depois da publicidade<\/p>\n<p>A combina\u00e7\u00e3o de vitaminas e minerais faz da laranja uma aliada para quem busca mais energia, menos cansa\u00e7o e um sistema imunol\u00f3gico equilibrado. Um copo de suco natural j\u00e1 traz boa parte da dose di\u00e1ria recomendada de vitamina C.<\/p>\n<p>Benef\u00edcios que v\u00e3o al\u00e9m da respira\u00e7\u00e3o<\/p>\n<p>A prote\u00e7\u00e3o da laranja tamb\u00e9m alcan\u00e7a o cora\u00e7\u00e3o. Flavonoides como a hesperidina ajudam a reduzir o risco de derrames e melhoram a circula\u00e7\u00e3o sangu\u00ednea, prevenindo inflama\u00e7\u00f5es nos vasos e equilibrando a press\u00e3o arterial.<\/p>\n<p>A fibra sol\u00favel da fruta auxilia na redu\u00e7\u00e3o do colesterol \u201cruim\u201d, enquanto o pot\u00e1ssio mant\u00e9m a sa\u00fade do sistema cardiovascular. O consumo frequente pode, assim, ajudar na preven\u00e7\u00e3o de doen\u00e7as cr\u00f4nicas.<\/p>\n<p>Continua depois da publicidade<\/p>\n<p>E tem mais: os antioxidantes da laranja tamb\u00e9m atuam na pele, estimulando a produ\u00e7\u00e3o de col\u00e1geno e combatendo sinais de envelhecimento. A fruta \u00e9 uma verdadeira aliada para manter o corpo saud\u00e1vel por dentro e por fora.<\/p>\n<p>Como incluir a laranja no dia a dia<\/p>\n<p>Para aproveitar todos esses benef\u00edcios, prefira consumir a fruta inteira e n\u00e3o apenas o suco. Assim, voc\u00ea garante as fibras e mant\u00e9m o \u00edndice glic\u00eamico sob controle. A laranja combina com saladas, iogurtes, aveia e at\u00e9 pratos salgados.<\/p>\n<p>Uma boa dica \u00e9 consumir a fruta no caf\u00e9 da manh\u00e3 ou entre as refei\u00e7\u00f5es, garantindo mais energia e hidrata\u00e7\u00e3o. E quem busca uma pele mais bonita pode associ\u00e1-la a outras fontes de vitamina C, como morango e kiwi.<\/p>\n<p>Continua depois da publicidade<\/p>\n<p>Com sabor, praticidade e poder de preven\u00e7\u00e3o, a laranja prova que os maiores aliados da sa\u00fade podem estar nas frutas mais simples. Um h\u00e1bito di\u00e1rio que ajuda a respirar melhor, proteger o cora\u00e7\u00e3o e viver com mais disposi\u00e7\u00e3o.<\/p>\n<p>Voc\u00ea pode se interessar tamb\u00e9m por\u00a0<strong><a href=\"https:\/\/www.nsctotal.com.br\/noticias\/risco-de-cancer-por-que-o-cafe-coado-e-visto-como-mais-seguro-que-o-soluvel\" target=\"_blank\" rel=\"noreferrer noopener nofollow\">risco de c\u00e2ncer: por que o caf\u00e9 coado \u00e9 visto como mais seguro que o sol\u00favel<\/a><\/strong>\u00a0e a\u00a0<strong><a href=\"https:\/\/www.nsctotal.com.br\/noticias\/fruta-tem-acao-preventiva-contra-infarto-e-ajuda-a-regular-a-pressao-arterial\" target=\"_blank\" rel=\"noreferrer noopener nofollow\">fruta tem a\u00e7\u00e3o preventiva contra infarto e ajuda a regular a press\u00e3o arterial<\/a><\/strong>.<\/p>\n","protected":false},"excerpt":{"rendered":"Para aproveitar todos os benef\u00edcios, prefira consumir a fruta inteira e n\u00e3o apenas o suco (Foto: Reprodu\u00e7\u00e3o) Nos&hellip;\n","protected":false},"author":2,"featured_media":137912,"comment_status":"","ping_status":"","sticky":false,"template":"","format":"standard","meta":{"footnotes":""},"categories":[86],"tags":[116,32,33,117,794],"class_list":{"0":"post-137911","1":"post","2":"type-post","3":"status-publish","4":"format-standard","5":"has-post-thumbnail","7":"category-saude","8":"tag-health","9":"tag-portugal","10":"tag-pt","11":"tag-saude","12":"tag-voce-viu"},"share_on_mastodon":{"url":"https:\/\/pubeurope.com\/@pt\/115486222680928425","error":""},"_links":{"self":[{"href":"https:\/\/www.europesays.com\/pt\/wp-json\/wp\/v2\/posts\/137911","targetHints":{"allow":["GET"]}}],"collection":[{"href":"https:\/\/www.europesays.com\/pt\/wp-json\/wp\/v2\/posts"}],"about":[{"href":"https:\/\/www.europesays.com\/pt\/wp-json\/wp\/v2\/types\/post"}],"author":[{"embeddable":true,"href":"https:\/\/www.europesays.com\/pt\/wp-json\/wp\/v2\/users\/2"}],"replies":[{"embeddable":true,"href":"https:\/\/www.europesays.com\/pt\/wp-json\/wp\/v2\/comments?post=137911"}],"version-history":[{"count":0,"href":"https:\/\/www.europesays.com\/pt\/wp-json\/wp\/v2\/posts\/137911\/revisions"}],"wp:featuredmedia":[{"embeddable":true,"href":"https:\/\/www.europesays.com\/pt\/wp-json\/wp\/v2\/media\/137912"}],"wp:attachment":[{"href":"https:\/\/www.europesays.com\/pt\/wp-json\/wp\/v2\/media?parent=137911"}],"wp:term":[{"taxonomy":"category","embeddable":true,"href":"https:\/\/www.europesays.com\/pt\/wp-json\/wp\/v2\/categories?post=137911"},{"taxonomy":"post_tag","embeddable":true,"href":"https:\/\/www.europesays.com\/pt\/wp-json\/wp\/v2\/tags?post=137911"}],"curies":[{"name":"wp","href":"https:\/\/api.w.org\/{rel}","templated":true}]}}