{"id":137929,"date":"2025-11-03T14:38:13","date_gmt":"2025-11-03T14:38:13","guid":{"rendered":"https:\/\/www.europesays.com\/pt\/137929\/"},"modified":"2025-11-03T14:38:13","modified_gmt":"2025-11-03T14:38:13","slug":"oficial-southampton-despede-will-still-esse-do-football-manager","status":"publish","type":"post","link":"https:\/\/www.europesays.com\/pt\/137929\/","title":{"rendered":"OFICIAL: Southampton despede Will Still (esse, do Football Manager)"},"content":{"rendered":"<p>O Southampton anunciou o despedimento de Will Still do cargo de treinador.<\/p>\n<p>O t\u00e9cnico ingl\u00eas que contava com passagens por Reims e Lens, foi contratado pelo emblema do Championship no in\u00edcio da atual temporada, com o objetivo de fazer regressar o clube \u00e0 Premier League, depois de uma \u00e9poca em que foram relegados do principal escal\u00e3o ingl\u00eas.<\/p>\n<p>Contudo, um p\u00e9ssimo arranque de campeonato, com apenas 12 pontos conquistados em 13 jogos, que colocam o Southampton num modesto 21.\u00ba lugar, conduziram ao despedimento de Will Still.<\/p>\n<p>Recorde-se que Will Still ficou famoso por admitir que apenas se tornou treinador por causa do jogo Football Manager, um conhecido simulador de treino.<\/p>\n<p>Foi o jogo que o levou a desistir de ser jogador de futebol, com 17 anos, e a viajar de volta a Inglaterra (ele cresceu na B\u00e9lgica) para se formar em treino de futebol na\u00a0Myerscough College. Durante esse per\u00edodo, come\u00e7ou a treinar os sub-14 do Preston North End.<\/p>\n<p>Ap\u00f3s conclu\u00eddo o curso, regressou \u00e0 B\u00e9lgica e ofereceu-se para ser analista de v\u00eddeo do\u00a0Sint-Truiden, ent\u00e3o na II Divis\u00e3o. A partir da\u00ed nunca mais parou. Foi adjunto do Sint-Truiden, do Standard Li\u00e8ge e do Lierse, at\u00e9 se lan\u00e7ar como treinador principal no Beerschot. Seguiram-se o Stade Reims e ou Southampton.<\/p>\n<p>At\u00e9 agora, que deixou o clube e vai ser substitu\u00eddo por Tonda Eckert, t\u00e9cnico da equipa Sub-21 do Southampton, que vai assumir o comando da equipa principal de forma interina.<\/p>\n","protected":false},"excerpt":{"rendered":"O Southampton anunciou o despedimento de Will Still do cargo de treinador. O t\u00e9cnico ingl\u00eas que contava com&hellip;\n","protected":false},"author":2,"featured_media":137930,"comment_status":"","ping_status":"","sticky":false,"template":"","format":"standard","meta":{"footnotes":""},"categories":[87],"tags":[135,665,46,40,42,41,32,33,47,3361,134,30810],"class_list":{"0":"post-137929","1":"post","2":"type-post","3":"status-publish","4":"format-standard","5":"has-post-thumbnail","7":"category-desporto","8":"tag-desporto","9":"tag-inglaterra","10":"tag-maisfutebol","11":"tag-maistransferencias","12":"tag-mercado","13":"tag-mercado-de-transferencias","14":"tag-portugal","15":"tag-pt","16":"tag-pura-paixao","17":"tag-southampton","18":"tag-sports","19":"tag-will-still"},"share_on_mastodon":{"url":"https:\/\/pubeurope.com\/@pt\/115486281204220309","error":""},"_links":{"self":[{"href":"https:\/\/www.europesays.com\/pt\/wp-json\/wp\/v2\/posts\/137929","targetHints":{"allow":["GET"]}}],"collection":[{"href":"https:\/\/www.europesays.com\/pt\/wp-json\/wp\/v2\/posts"}],"about":[{"href":"https:\/\/www.europesays.com\/pt\/wp-json\/wp\/v2\/types\/post"}],"author":[{"embeddable":true,"href":"https:\/\/www.europesays.com\/pt\/wp-json\/wp\/v2\/users\/2"}],"replies":[{"embeddable":true,"href":"https:\/\/www.europesays.com\/pt\/wp-json\/wp\/v2\/comments?post=137929"}],"version-history":[{"count":0,"href":"https:\/\/www.europesays.com\/pt\/wp-json\/wp\/v2\/posts\/137929\/revisions"}],"wp:featuredmedia":[{"embeddable":true,"href":"https:\/\/www.europesays.com\/pt\/wp-json\/wp\/v2\/media\/137930"}],"wp:attachment":[{"href":"https:\/\/www.europesays.com\/pt\/wp-json\/wp\/v2\/media?parent=137929"}],"wp:term":[{"taxonomy":"category","embeddable":true,"href":"https:\/\/www.europesays.com\/pt\/wp-json\/wp\/v2\/categories?post=137929"},{"taxonomy":"post_tag","embeddable":true,"href":"https:\/\/www.europesays.com\/pt\/wp-json\/wp\/v2\/tags?post=137929"}],"curies":[{"name":"wp","href":"https:\/\/api.w.org\/{rel}","templated":true}]}}