{"id":137937,"date":"2025-11-03T14:44:19","date_gmt":"2025-11-03T14:44:19","guid":{"rendered":"https:\/\/www.europesays.com\/pt\/137937\/"},"modified":"2025-11-03T14:44:19","modified_gmt":"2025-11-03T14:44:19","slug":"vigo-pisca-o-olho-aos-portugueses-com-iluminacoes-de-natal-com-12-milhoes-de-luzes-led","status":"publish","type":"post","link":"https:\/\/www.europesays.com\/pt\/137937\/","title":{"rendered":"Vigo pisca o olho aos portugueses com ilumina\u00e7\u00f5es de Natal com 12 milh\u00f5es de luzes LED"},"content":{"rendered":"<p>O Munic\u00edpio de Vigo, na Galiza (Espanha), que \u00e9 hoje uma refer\u00eancia entre as cidades Natal do mundo, ligar\u00e1 este ano a sua gigantesca ilumina\u00e7\u00e3o na segunda quinzena de novembro e espera mais do que nunca uma forte aflu\u00eancia de portugueses. Para anunciar em Portugal a chegada do esp\u00edrito natal\u00edcio, que contar\u00e1 com cerca de 12 milh\u00f5es de luzes led em 460 ruas, apostou na instala\u00e7\u00e3o de 142 mupis publicit\u00e1rios no norte do pa\u00eds.<\/p>\n","protected":false},"excerpt":{"rendered":"O Munic\u00edpio de Vigo, na Galiza (Espanha), que \u00e9 hoje uma refer\u00eancia entre as cidades Natal do mundo,&hellip;\n","protected":false},"author":2,"featured_media":137938,"comment_status":"","ping_status":"","sticky":false,"template":"","format":"standard","meta":{"footnotes":""},"categories":[10],"tags":[27,28,15,16,14,30812,25,26,21,22,619,7561,12,13,19,20,32,23,24,33,17,18,29,30,31,16449],"class_list":{"0":"post-137937","1":"post","2":"type-post","3":"status-publish","4":"format-standard","5":"has-post-thumbnail","7":"category-portugal","8":"tag-breaking-news","9":"tag-breakingnews","10":"tag-featured-news","11":"tag-featurednews","12":"tag-headlines","13":"tag-iluminacoes-de-natal","14":"tag-latest-news","15":"tag-latestnews","16":"tag-main-news","17":"tag-mainnews","18":"tag-nacional","19":"tag-natal","20":"tag-news","21":"tag-noticias","22":"tag-noticias-principais","23":"tag-noticiasprincipais","24":"tag-portugal","25":"tag-principais-noticias","26":"tag-principaisnoticias","27":"tag-pt","28":"tag-top-stories","29":"tag-topstories","30":"tag-ultimas","31":"tag-ultimas-noticias","32":"tag-ultimasnoticias","33":"tag-vigo"},"share_on_mastodon":{"url":"https:\/\/pubeurope.com\/@pt\/115486304882835593","error":""},"_links":{"self":[{"href":"https:\/\/www.europesays.com\/pt\/wp-json\/wp\/v2\/posts\/137937","targetHints":{"allow":["GET"]}}],"collection":[{"href":"https:\/\/www.europesays.com\/pt\/wp-json\/wp\/v2\/posts"}],"about":[{"href":"https:\/\/www.europesays.com\/pt\/wp-json\/wp\/v2\/types\/post"}],"author":[{"embeddable":true,"href":"https:\/\/www.europesays.com\/pt\/wp-json\/wp\/v2\/users\/2"}],"replies":[{"embeddable":true,"href":"https:\/\/www.europesays.com\/pt\/wp-json\/wp\/v2\/comments?post=137937"}],"version-history":[{"count":0,"href":"https:\/\/www.europesays.com\/pt\/wp-json\/wp\/v2\/posts\/137937\/revisions"}],"wp:featuredmedia":[{"embeddable":true,"href":"https:\/\/www.europesays.com\/pt\/wp-json\/wp\/v2\/media\/137938"}],"wp:attachment":[{"href":"https:\/\/www.europesays.com\/pt\/wp-json\/wp\/v2\/media?parent=137937"}],"wp:term":[{"taxonomy":"category","embeddable":true,"href":"https:\/\/www.europesays.com\/pt\/wp-json\/wp\/v2\/categories?post=137937"},{"taxonomy":"post_tag","embeddable":true,"href":"https:\/\/www.europesays.com\/pt\/wp-json\/wp\/v2\/tags?post=137937"}],"curies":[{"name":"wp","href":"https:\/\/api.w.org\/{rel}","templated":true}]}}