{"id":137961,"date":"2025-11-03T15:11:12","date_gmt":"2025-11-03T15:11:12","guid":{"rendered":"https:\/\/www.europesays.com\/pt\/137961\/"},"modified":"2025-11-03T15:11:12","modified_gmt":"2025-11-03T15:11:12","slug":"casa-pia-planeia-ir-ao-sporting-fechar-o-seu-novo-treinador-eis-o-ponto-de-situacao-bola-na-rede","status":"publish","type":"post","link":"https:\/\/www.europesays.com\/pt\/137961\/","title":{"rendered":"Casa Pia planeia ir ao Sporting fechar o seu novo treinador: eis o ponto de situa\u00e7\u00e3o &#8211; Bola na Rede"},"content":{"rendered":"<ol>\n<li><a href=\"https:\/\/news.google.com\/rss\/articles\/CBMi1gFBVV95cUxNNGd5cFhyQTNqZ2VQZUttQWlZa0hHeEwxdlNQWl9hR19paWFPQ3RORU1JYm51RnB1UGNNQk9OTVd1dldfUGFwYk1zTXVqdmQ2U3VGVjk0VHpVTXNjSExiTVBMZzdlRDZPSExST1BWa0k4bjFzRWVNcENvVDJyYjluYlZyak96cUkyODlSLTByODJ6cElsYlZYcXRrS1BjMUQySVBDdi05X2h0cEMwSGgtbmlleUxwcnpZVXdKSDdZUWQ2UzctaDRyMTBLd1NrNG95R1B4V3NB?oc=5\" target=\"_blank\" rel=\"nofollow noopener\">Casa Pia planeia ir ao Sporting fechar o seu novo treinador: eis o ponto de situa\u00e7\u00e3o<\/a>&nbsp;&nbsp;Bola na Rede<\/li>\n<li><a href=\"https:\/\/news.google.com\/rss\/articles\/CBMiiwFBVV95cUxOSUFOMndqRWVVNkt0M21fd3B1bzdHQ3hVLUhwX2REaDF0VGI1dFc1cGsxLV9XRkJObkVhVnVwQk1Cbm82RXIzUllVMnFBbWxOSmVLYVIxZV9LUFlpSWhfeUl6Q3JWMEFPd09uaG1pd2hpTjgwS0EtOTNqbXNwSDJwSUItMEpjVFV3cGRN?oc=5\" target=\"_blank\" rel=\"nofollow noopener\">Jo\u00e3o Pereira de sa\u00edda do Casa Pia<\/a>&nbsp;&nbsp;A Bola<\/li>\n<li><a href=\"https:\/\/news.google.com\/rss\/articles\/CBMikAFBVV95cUxPZDJnWHZkMUlJb0l0bjVVa04ydTVueW1VVTZGc25MRkgyNnl5T3ZSQ1NWWm53amREVWw4T2xlM3JaMTBiYnoxUDlWYkEzSkZLSUstdjZ0SWJJNUtPV1VXRG83VUFka1JQOFR1VkFRYnBrcktCVDNYLVZOZDV4cl9fMDk5SnhqRmJVQlJsaGhOZ2rSAZYBQVVfeXFMUHZzcER0QU8wTHNLWXgyTUxaV2xiYXhOQk9qazFla21IUDc4NmFfaHhyaThpdHYxcHNIczlseTVibjV4cG83ZWdSTWFSaHVqbi1rM0ZseDkwQ2JXUVlHZ0lxdUlYaXJrNllHODA0YjZ0Z09rX0FWZHJja3hfNjlfem1zZjJzWjR5aWEtUXBRdWY0TTJuSzNn?oc=5\" target=\"_blank\" rel=\"nofollow noopener\">Jo\u00e3o Pereira deixa comando t\u00e9cnico do Casa Pia<\/a>&nbsp;&nbsp;Maisfutebol<\/li>\n<li><a href=\"https:\/\/news.google.com\/rss\/articles\/CBMipgFBVV95cUxPckstd2JwXzNWNWJjeGlMVmtWaV9NTS1SUTF6dEdueW9ReGZfa0theHZwcGRrRzREZnlwaGVxb3o2QUNvcG1hRVVSeDFQRWtKUDNxUnRJYUVxOUFQNVhGOFFGMzhPa3l0TGg5d25lRU9aY2NZc2NhbXp2akR5eVA1U0lNci0tajRMeEFpYVBkMm92QlJmRGNYVjVUX0piYnZsc05qWU93?oc=5\" target=\"_blank\" rel=\"nofollow noopener\">Mais um treinador da I Liga prestes a ser demitido &#8211; \u00daLTIMA HORA<\/a>&nbsp;&nbsp;Adeptos de Bancada<\/li>\n<li><a href=\"https:\/\/news.google.com\/rss\/articles\/CBMivAFBVV95cUxPZWROdWdpaEVqTkhhN3YwaGI1OUJtdVdxNVk2QTF3SDJKQW9NOXhMcnpacjhSYy1hRXloZ2VqbnpzSFFQQ0RadlJwV2pZb3JzQ1BVSThIZ3lOUl9aSjI3QkhlTC1DdnlPZm9GNUZEcUdXVVc4dFV3aXZ5MXRlQnB6TW9jd3NnOW0xaktiRWJ0TklGU2pFQm1QU3ZQQzRmZDlwZUZiSjBYWGRJQlo0ejlXdzBfSjQ0bFg0UkMxbg?oc=5\" target=\"_blank\" rel=\"nofollow noopener\">Jo\u00e3o Pereira est\u00e1 de sa\u00edda do Casa Pia. Solu\u00e7\u00e3o pode passar pelo Sporting<\/a>&nbsp;&nbsp;SAPO<\/li>\n<\/ol>\n","protected":false},"excerpt":{"rendered":"Casa Pia planeia ir ao Sporting fechar o seu novo treinador: eis o ponto de situa\u00e7\u00e3o&nbsp;&nbsp;Bola na Rede&hellip;\n","protected":false},"author":2,"featured_media":137962,"comment_status":"","ping_status":"","sticky":false,"template":"","format":"standard","meta":{"footnotes":""},"categories":[87],"tags":[260,135,478,28475,2975,32,479,33,34,134],"class_list":{"0":"post-137961","1":"post","2":"type-post","3":"status-publish","4":"format-standard","5":"has-post-thumbnail","7":"category-desporto","8":"tag-atualidade","9":"tag-desporto","10":"tag-destaques-bnr","11":"tag-joao-giao","12":"tag-joao-pereira","13":"tag-portugal","14":"tag-primeira-liga","15":"tag-pt","16":"tag-sporting","17":"tag-sports"},"share_on_mastodon":{"url":"https:\/\/pubeurope.com\/@pt\/115486412260392955","error":""},"_links":{"self":[{"href":"https:\/\/www.europesays.com\/pt\/wp-json\/wp\/v2\/posts\/137961","targetHints":{"allow":["GET"]}}],"collection":[{"href":"https:\/\/www.europesays.com\/pt\/wp-json\/wp\/v2\/posts"}],"about":[{"href":"https:\/\/www.europesays.com\/pt\/wp-json\/wp\/v2\/types\/post"}],"author":[{"embeddable":true,"href":"https:\/\/www.europesays.com\/pt\/wp-json\/wp\/v2\/users\/2"}],"replies":[{"embeddable":true,"href":"https:\/\/www.europesays.com\/pt\/wp-json\/wp\/v2\/comments?post=137961"}],"version-history":[{"count":0,"href":"https:\/\/www.europesays.com\/pt\/wp-json\/wp\/v2\/posts\/137961\/revisions"}],"wp:featuredmedia":[{"embeddable":true,"href":"https:\/\/www.europesays.com\/pt\/wp-json\/wp\/v2\/media\/137962"}],"wp:attachment":[{"href":"https:\/\/www.europesays.com\/pt\/wp-json\/wp\/v2\/media?parent=137961"}],"wp:term":[{"taxonomy":"category","embeddable":true,"href":"https:\/\/www.europesays.com\/pt\/wp-json\/wp\/v2\/categories?post=137961"},{"taxonomy":"post_tag","embeddable":true,"href":"https:\/\/www.europesays.com\/pt\/wp-json\/wp\/v2\/tags?post=137961"}],"curies":[{"name":"wp","href":"https:\/\/api.w.org\/{rel}","templated":true}]}}