{"id":137975,"date":"2025-11-03T15:22:09","date_gmt":"2025-11-03T15:22:09","guid":{"rendered":"https:\/\/www.europesays.com\/pt\/137975\/"},"modified":"2025-11-03T15:22:09","modified_gmt":"2025-11-03T15:22:09","slug":"nao-se-fala-noutra-coisa-pedro-jorge-e-marisa-ja-nao-conseguem-esconder-o-segredo-e-ate-ha-ameacas-de-revelacao-secret-story","status":"publish","type":"post","link":"https:\/\/www.europesays.com\/pt\/137975\/","title":{"rendered":"N\u00e3o se fala noutra coisa: Pedro Jorge e Marisa j\u00e1 n\u00e3o conseguem esconder o segredo. E at\u00e9 h\u00e1 amea\u00e7as de revela\u00e7\u00e3o &#8211; Secret Story"},"content":{"rendered":"<p><strong>Marisa e Pedro Jorge<\/strong> <a href=\"https:\/\/tvi.iol.pt\/secretstory\/segredo\/casa-dos-segredos\/lista-atualizada-todos-os-segredos-que-ja-foram-revelados-no-secret-story\" rel=\"nofollow noopener\" target=\"_blank\">s\u00e3o o casal verdadeiro desta edi\u00e7\u00e3o do<strong> Secret Story<\/strong>,<\/a> mas t\u00eam dois segredos distintos a defendes: \u00ab<strong>O meu marido est\u00e1 na casa\u00bb e \u00aba m\u00e3e dos meus filhos est\u00e1 na casa\u00bb. <\/strong>At\u00e9 ent\u00e3o, os concorrentes t\u00eam conseguido esconder os seus segredos, mas as recorrentes discuss\u00f5es que t\u00eam tido est\u00e3o a deixar os colegas em alerta.<\/p>\n<p>A estrat\u00e9gia que os dois adotaram para esconder os respetivos segredos come\u00e7ou a tremer neste s\u00e1bado, 1 de novembro, quando Leandro confrontou<strong> Marisa com a possibilidade do pai dos seus filhos estar dentro da casa.<\/strong><\/p>\n<p>Depois da gala intensa de ontem \u00e0 noite, <strong>Leandro e Marisa Susana comentaram o facto de Marisa e Pedro Jorge terem estado tanto tempo no Cubo,<\/strong> ao contr\u00e1rio das restantes duplas que foram apenas cumprir um desafio e regressaram \u00e0 sala.\u00a0<\/p>\n<p>Leandro foi mais longe e <a href=\"https:\/\/tvi.iol.pt\/secretstory\/videos\/ja-viste-quantas-vezes-vao-ao-confessionario-leandro-e-marisa-susana-desconfiam-do-casal-verdadeiro\/690878f20cf28fe430485322\" rel=\"nofollow noopener\" target=\"_blank\">apontou que os dois t\u00eam ido \u00abmuitas vezes\u00bb ao confession\u00e1rio<\/a>. Para al\u00e9m disso, as picardias que t\u00eam protagonizado <strong>tamb\u00e9m t\u00eam denunciado alguma afinidade entre os dois<\/strong>.<\/p>\n<p>Na manh\u00e3 desta segunda-feira, 3 de novembro,<a href=\"https:\/\/tvi.iol.pt\/secretstory\/videos\/tiro-certeiro-leandro-e-liliana-falam-do-segredo-de-marisa-vao-todos-cair-do-sofa\/69088da00cf28fe430485332\" rel=\"nofollow noopener\" target=\"_blank\"> Liliana e Leandro falavam sobre a exist\u00eancia de um casal verdadeiro<\/a> dentro da casa e garantiram que <strong>o segredo pertence a Marisa e Pedro Jorge.<\/strong><\/p>\n<p>Ainda durante a manh\u00e3, depois de uma forte discuss\u00e3o entre o casal, <a href=\"https:\/\/tvi.iol.pt\/secretstory\/videos\/marisa-susana-aperta-com-marisa-e-pedro-voces-devem-ter-um-segredo-juntos\/6908a6c70cf28fe430485358\" rel=\"nofollow noopener\" target=\"_blank\">Marisa Susana mostrou-se desconfiada do segredo de Marisa e Pedro Jorge<\/a> e acabou por confrontar os dois concorrentes:<strong> \u00abVoc\u00eas devem ter um segredo juntos\u00bb<\/strong>.<\/p>\n<p>Apesar de todas as suspeitas, os colegas continuam (aparentemente) longe dos seus segredos. \u00c9 que a maioria acredita que Pedro e Marisa escondem o segredo <strong>\u00absomos um casal\u00bb<\/strong> e essa teoria, apesar de n\u00e3o estar errada, n\u00e3o corresponde ao segredo.<\/p>\n<p>\u00a0<\/p>\n","protected":false},"excerpt":{"rendered":"Marisa e Pedro Jorge s\u00e3o o casal verdadeiro desta edi\u00e7\u00e3o do Secret Story, mas t\u00eam dois segredos distintos&hellip;\n","protected":false},"author":2,"featured_media":137976,"comment_status":"","ping_status":"","sticky":false,"template":"","format":"standard","meta":{"footnotes":""},"categories":[142],"tags":[114,115,19184,18800,21416,32,33,151,162,18801],"class_list":{"0":"post-137975","1":"post","2":"type-post","3":"status-publish","4":"format-standard","5":"has-post-thumbnail","7":"category-tv","8":"tag-entertainment","9":"tag-entretenimento","10":"tag-marisa","11":"tag-momentos-virais-secret-story","12":"tag-pedro-jorge","13":"tag-portugal","14":"tag-pt","15":"tag-tv","16":"tag-tvi","17":"tag-videos-virais-concorrentes"},"share_on_mastodon":{"url":"https:\/\/pubeurope.com\/@pt\/115486454398872079","error":""},"_links":{"self":[{"href":"https:\/\/www.europesays.com\/pt\/wp-json\/wp\/v2\/posts\/137975","targetHints":{"allow":["GET"]}}],"collection":[{"href":"https:\/\/www.europesays.com\/pt\/wp-json\/wp\/v2\/posts"}],"about":[{"href":"https:\/\/www.europesays.com\/pt\/wp-json\/wp\/v2\/types\/post"}],"author":[{"embeddable":true,"href":"https:\/\/www.europesays.com\/pt\/wp-json\/wp\/v2\/users\/2"}],"replies":[{"embeddable":true,"href":"https:\/\/www.europesays.com\/pt\/wp-json\/wp\/v2\/comments?post=137975"}],"version-history":[{"count":0,"href":"https:\/\/www.europesays.com\/pt\/wp-json\/wp\/v2\/posts\/137975\/revisions"}],"wp:featuredmedia":[{"embeddable":true,"href":"https:\/\/www.europesays.com\/pt\/wp-json\/wp\/v2\/media\/137976"}],"wp:attachment":[{"href":"https:\/\/www.europesays.com\/pt\/wp-json\/wp\/v2\/media?parent=137975"}],"wp:term":[{"taxonomy":"category","embeddable":true,"href":"https:\/\/www.europesays.com\/pt\/wp-json\/wp\/v2\/categories?post=137975"},{"taxonomy":"post_tag","embeddable":true,"href":"https:\/\/www.europesays.com\/pt\/wp-json\/wp\/v2\/tags?post=137975"}],"curies":[{"name":"wp","href":"https:\/\/api.w.org\/{rel}","templated":true}]}}