{"id":138009,"date":"2025-11-03T15:45:13","date_gmt":"2025-11-03T15:45:13","guid":{"rendered":"https:\/\/www.europesays.com\/pt\/138009\/"},"modified":"2025-11-03T15:45:13","modified_gmt":"2025-11-03T15:45:13","slug":"deputado-do-chega-teria-outro-destino-em-franca","status":"publish","type":"post","link":"https:\/\/www.europesays.com\/pt\/138009\/","title":{"rendered":"deputado do Chega teria outro destino em Fran\u00e7a"},"content":{"rendered":"<p class=\"wp-caption-text top\">Ant\u00f3nio Cotrim \/ LUSA<\/p>\n<p><img decoding=\"async\" loading=\"lazy\" class=\"size-kopa-image-size-3 wp-image-702755\" src=\"https:\/\/www.europesays.com\/pt\/wp-content\/uploads\/2025\/11\/09f6332f07d2f2590be2bbda423a4ed3-783x450.jpg\" alt=\"\" width=\"700\" height=\"402\"  \/><\/p>\n<p class=\"wp-caption-text bot\">Filipe Melo, deputado do Chega<\/p>\n<p><strong>Momento tenso e troca de acusa\u00e7\u00f5es entre Eva Cruzeiro e Pedro Pinto, com Filipe Melo a fazer uns gestos. Gr\u00e9goire de Fournas ficou sem receber.<\/strong><\/p>\n<p>Foi na quarta-feira passada que se verificou (nova) confus\u00e3o na Assembleia da Rep\u00fablica.<\/p>\n<p><strong>Eva Cruzeiro,<\/strong> deputada do PS, disse que est\u00e1 muito preocupada com uma reclama\u00e7\u00e3o frequente: em Portugal <strong>h\u00e1 \u201cum partido de extrema-direita<\/strong> que tem polarizado muito a sociedade, <strong>que tem difundido muito a mensagem racista, xen\u00f3foba, o discurso de \u00f3dio<\/strong> e por a\u00ed adiante\u2026 Um partido que, segundo diz a nossa constitui\u00e7\u00e3o, nem sequer deveria existir\u201d.<\/p>\n<p>Nesse contexto, Eva perguntou ao ministro da Presid\u00eancia, Leit\u00e3o Amaro, se o Governo vai refor\u00e7ar a forma\u00e7\u00e3o e a capacita\u00e7\u00e3o de todos os funcion\u00e1rios de institui\u00e7\u00f5es p\u00fablicas que lidam com imigrantes, \u201cpara que essa polariza\u00e7\u00e3o n\u00e3o se note no procedimento\u201d desses funcion\u00e1rios.<\/p>\n<p>O Chega n\u00e3o gostou do que ouviu e rapidamente come\u00e7aram os protestos, bem aud\u00edveis por parte do seu l\u00edder parlamentar, <strong>Pedro Pinto<\/strong> (com microfone desligado), que apontou: \u201cNunca fala, falou hoje!\u201d \u2013 dizendo que Eva Cruzeiro nunca interv\u00e9m nos debates no Parlamento. Ou <strong>\u201cEu n\u00e3o sou racista!\u201d<\/strong>.<\/p>\n<p>Isto enquanto a Mesa amea\u00e7ava suspender a sess\u00e3o. Embora o ministro Leit\u00e3o Amaro tenha dito logo, tamb\u00e9m com o microfone desligado: \u201cEu n\u00e3o, que tenho de me ir embora. Pe\u00e7o desculpa\u201d.<\/p>\n<p>J\u00e1 com microfone ligado, o l\u00edder parlamentar do Chega pediu a palavra para defesa de honra: \u201c<strong>Eu n\u00e3o lhe posso admitir, senhora presidente, <\/strong>que tenha permitido que a senhora deputada<strong> Eva Cruzeiro tenha chamado fascistas e racistas aos deputados do Chega<\/strong>! Todo o Parlamento ouviu, todos os deputados aqui presentes ouviram!\u201d \u2013 embora o que Eva Cruzeiro tenha dito foi \u201cdifundido muito a mensagem racista\u201d e nunca tenha dito a palavra \u201cfascista\u201d.<\/p>\n<p><strong>\u201cN\u00f3s n\u00e3o insultamos ningu\u00e9m<\/strong> dos outros partidos pol\u00edticos!\u201d, assegurou o deputado do Chega.<\/p>\n<p>Eva Cruzeiro reagiu: \u201cO senhor deputado deveria agradecer por todas as vezes que n\u00e3o falei. Voc\u00eas s\u00e3o racistas, s\u00e3o xen\u00f3fobos e mantenho que, segundo a nossa Constitui\u00e7\u00e3o,<strong> n\u00e3o deviam existir<\/strong> nesta democracia. O <a href=\"https:\/\/zap.aeiou.pt\/cartazes-ventura-bangladesh-ciganos-708266\" data-wpel-link=\"internal\" rel=\"nofollow noopener\" target=\"_blank\">cartaz<\/a> que temos aqui \u00e0 frente da Assembleia \u00e9 prova do vosso racismo e da vossa xenofobia\u201d.<\/p>\n<p>\u201cVai para a tua terra\u201d<\/p>\n<p>Ao mesmo tempo, uns metros mais acima, <strong>Filipe Melo<\/strong> (Chega) fez \u2013 no m\u00ednimo duas vezes \u2013 um aparente <strong>gesto de \u201cvai-te embora\u201d<\/strong>.<\/p>\n<p>Entretanto, ouve-se Eva Cruzeiro a dizer: <strong>\u201cEu estou na minha terra, senhor deputado. Esta \u00e9 a nossa terra\u201d<\/strong>. Aparentemente a olhar para Filipe Melo.<\/p>\n<p>Logo a seguir, Pedro Delgado Alves avisou a Mesa: um deputado do Chega tinha dito \u00e0 deputada do PS para voltar para a sua terra.<\/p>\n<p>Horas depois, <strong>Eva Cruzeiro acusou Filipe Melo de ter gritado \u201cvai para a tua terra\u201d<\/strong> nesse momento. A deputada do PS vai avan\u00e7ar com uma <strong>queixa<\/strong> contra o deputado do Chega. Al\u00e9m disso, contou na <a href=\"https:\/\/cnnportugal.iol.pt\/eva-cruzeiro\/rapdiva\/deputada-do-ps-vai-apresentar-queixa-de-filipe-melo-por-ter-sido-mandada-para-a-terra-dela-reacao-de-filipe-melo-nao-reajo-claro-que-nao\/20251030\/690378ddd34e2bd5c6d3710a\" data-wpel-link=\"external\" target=\"_blank\" rel=\"nofollow external noopener noreferrer\" class=\"ext-link\">CNN<\/a>, Filipe Melo n\u00e3o foi o \u00fanico deputado do Chega a dizer essa frase.<\/p>\n<p><strong>Nada aconteceu.<\/strong> Se algu\u00e9m ouviu (ainda ser\u00e1 publicada a transcri\u00e7\u00e3o integral desta audi\u00e7\u00e3o), nada foi feito na mesma. Nenhuma advert\u00eancia da Mesa, nenhum aviso.<\/p>\n<p>2022, Fran\u00e7a<\/p>\n<p>Aconteceu h\u00e1 precisamente tr\u00eas anos, lembrou Daniel Oliveira na <a href=\"https:\/\/sicnoticias.pt\/programas\/eixodomal\/2025-10-31-video-cartazes--i-legais-de-ventura-e-cortes--ou-eficiencia---na-saude--0b7a9d60\" data-wpel-link=\"external\" target=\"_blank\" rel=\"nofollow external noopener noreferrer\" class=\"ext-link\">SIC<\/a>: um deputado franc\u00eas foi suspenso por ter dito \u201cvolte para \u00c1frica!\u201d, igualmente durante um debate no Parlamento.<\/p>\n<p>O deputado em causa era <strong>Gr\u00e9goire de Fournas<\/strong>, deputado da Uni\u00e3o Nacional. Quando falava um deputado da Fran\u00e7a Insubmissa, (LFI Carlos Martens Bilongo, de origem congolesa, Gr\u00e9goire de Fournas gritou <strong>\u201cvolte para \u00c1frica!\u201d<\/strong>.<\/p>\n<p>O debate foi logo suspenso. A presidente da Mesa perguntou de imediato quem tinha sido o deputado a dizer aquela frase \u2013 que foi dita com o microfone desligado.<\/p>\n<p>Depois, a Assembleia Nacional francesa aprovou uma <strong>suspens\u00e3o de 15 dias<\/strong>, a puni\u00e7\u00e3o m\u00e1xima prevista nos estatutos. <strong>N\u00e3o recebeu sal\u00e1rio<\/strong> durante esse per\u00edodo.<\/p>\n<p>Porque \u201c<strong>o livre debate democr\u00e1tico n\u00e3o pode permitir tudo<\/strong>. Certamente n\u00e3o (permite) insultos, certamente n\u00e3o racismo, qualquer que seja o objectivo. \u00c9 a nega\u00e7\u00e3o dos valores republicanos que nos unem nesta C\u00e2mara\u201d, disse Ya\u00ebl Braun-Pivet, presidente da Assembleia Nacional de Fran\u00e7a.<\/p>\n<p>O deputado em causa alegou que estava a falar no <strong>plural<\/strong> \u201cvolte\u201d ou <strong>\u201cvoltem\u201d<\/strong> \u00e9 igual em franc\u00eas\u201d; assegurou que estava a falar sobre os <strong>barcos<\/strong> de migrantes ilegais.<\/p>\n<p>\u201cSou totalmente inocente dos factos com que sou acusado. Sofro esta san\u00e7\u00e3o de uma dureza sem precedentes como uma grande injusti\u00e7a. Mas, respeitando a institui\u00e7\u00e3o, submeto-me a ela\u201d, reagiu na altura Gr\u00e9goire de Fournas.<\/p>\n<p>De Fournas j\u00e1 n\u00e3o \u00e9 deputado em Fran\u00e7a, desde o ano passado.<\/p>\n<p style=\"padding-left: 25px; margin-bottom: 10; font-family: Roboto, Arial, Helvetica, sans-serif; font-size: 15px\">&#13;<br \/>\n        Nuno Teixeira da Silva, ZAP \/\/ <a href=\"\" data-wpel-link=\"internal\"\/>&#13;\n    <\/p>\n<p>    <a href=\"https:\/\/zap.aeiou.pt\/subscrever-newsletter\" data-wpel-link=\"internal\" rel=\"nofollow noopener\" target=\"_blank\">&#13;<br \/>\n        <img loading=\"lazy\" decoding=\"async\" class=\"aligncenter size-full wp-image-575475\" src=\"https:\/\/www.europesays.com\/pt\/wp-content\/uploads\/2025\/10\/1759862234_971_2d51fe4a0ba54894421ead1809309ed9-1-450x140.jpg\" alt=\"Subscreva a Newsletter ZAP\" width=\"450\" height=\"140\"\/>&#13;<br \/>\n    <\/a><\/p>\n<p>                <a href=\"https:\/\/whatsapp.com\/channel\/0029VaIC4EE2f3EJZPPSbR34\" data-wpel-link=\"external\" target=\"_blank\" rel=\"nofollow external noopener noreferrer\" class=\"ext-link\">&#13;<br \/>\n                    <img loading=\"lazy\" decoding=\"async\" class=\"aligncenter size-full wp-image-575475\" src=\"https:\/\/www.europesays.com\/pt\/wp-content\/uploads\/2025\/10\/1759862234_512_c68c559d956d4ca20f435ed74a6e71e6.png\" alt=\"Siga-nos no WhatsApp\" width=\"175\" height=\"64\"\/>&#13;<br \/>\n                <\/a><\/p>\n<p>                <a href=\"https:\/\/news.google.com\/publications\/CAAiEHRwZondIV71PDjWNoqMduEqFAgKIhB0cGaJ3SFe9Tw41jaKjHbh?hl=en-US&amp;gl=US&amp;ceid=US%3Aen\" data-wpel-link=\"external\" target=\"_blank\" rel=\"nofollow external noopener noreferrer\" class=\"ext-link\">&#13;<br \/>\n                    <img loading=\"lazy\" decoding=\"async\" class=\"aligncenter size-full wp-image-575475\" src=\"https:\/\/www.europesays.com\/pt\/wp-content\/uploads\/2025\/10\/1759862235_242_5123dd8b087b644fdb8f8603acd1bad4.png\" alt=\"Siga-nos no Google News\" width=\"176\" height=\"64\"\/>&#13;<br \/>\n                <\/a><\/p>\n","protected":false},"excerpt":{"rendered":"Ant\u00f3nio Cotrim \/ LUSA Filipe Melo, deputado do Chega Momento tenso e troca de acusa\u00e7\u00f5es entre Eva Cruzeiro&hellip;\n","protected":false},"author":2,"featured_media":138010,"comment_status":"","ping_status":"","sticky":false,"template":"","format":"standard","meta":{"footnotes":""},"categories":[10],"tags":[27,28,269,1736,15,16,14,25,26,21,22,12,13,19,20,4532,52,32,23,24,455,33,17,18,29,30,31],"class_list":{"0":"post-138009","1":"post","2":"type-post","3":"status-publish","4":"format-standard","5":"has-post-thumbnail","7":"category-portugal","8":"tag-breaking-news","9":"tag-breakingnews","10":"tag-capa","11":"tag-chega","12":"tag-featured-news","13":"tag-featurednews","14":"tag-headlines","15":"tag-latest-news","16":"tag-latestnews","17":"tag-main-news","18":"tag-mainnews","19":"tag-news","20":"tag-noticias","21":"tag-noticias-principais","22":"tag-noticiasprincipais","23":"tag-parlamento","24":"tag-politica","25":"tag-portugal","26":"tag-principais-noticias","27":"tag-principaisnoticias","28":"tag-ps","29":"tag-pt","30":"tag-top-stories","31":"tag-topstories","32":"tag-ultimas","33":"tag-ultimas-noticias","34":"tag-ultimasnoticias"},"share_on_mastodon":{"url":"https:\/\/pubeurope.com\/@pt\/115486544793223136","error":""},"_links":{"self":[{"href":"https:\/\/www.europesays.com\/pt\/wp-json\/wp\/v2\/posts\/138009","targetHints":{"allow":["GET"]}}],"collection":[{"href":"https:\/\/www.europesays.com\/pt\/wp-json\/wp\/v2\/posts"}],"about":[{"href":"https:\/\/www.europesays.com\/pt\/wp-json\/wp\/v2\/types\/post"}],"author":[{"embeddable":true,"href":"https:\/\/www.europesays.com\/pt\/wp-json\/wp\/v2\/users\/2"}],"replies":[{"embeddable":true,"href":"https:\/\/www.europesays.com\/pt\/wp-json\/wp\/v2\/comments?post=138009"}],"version-history":[{"count":0,"href":"https:\/\/www.europesays.com\/pt\/wp-json\/wp\/v2\/posts\/138009\/revisions"}],"wp:featuredmedia":[{"embeddable":true,"href":"https:\/\/www.europesays.com\/pt\/wp-json\/wp\/v2\/media\/138010"}],"wp:attachment":[{"href":"https:\/\/www.europesays.com\/pt\/wp-json\/wp\/v2\/media?parent=138009"}],"wp:term":[{"taxonomy":"category","embeddable":true,"href":"https:\/\/www.europesays.com\/pt\/wp-json\/wp\/v2\/categories?post=138009"},{"taxonomy":"post_tag","embeddable":true,"href":"https:\/\/www.europesays.com\/pt\/wp-json\/wp\/v2\/tags?post=138009"}],"curies":[{"name":"wp","href":"https:\/\/api.w.org\/{rel}","templated":true}]}}