{"id":138040,"date":"2025-11-03T16:10:25","date_gmt":"2025-11-03T16:10:25","guid":{"rendered":"https:\/\/www.europesays.com\/pt\/138040\/"},"modified":"2025-11-03T16:10:25","modified_gmt":"2025-11-03T16:10:25","slug":"3i-atlas-enviado-por-extraterrestres-cometa-de-outro-mundo-ainda-intriga","status":"publish","type":"post","link":"https:\/\/www.europesays.com\/pt\/138040\/","title":{"rendered":"3I\/ATLAS enviado por extraterrestres? Cometa de outro mundo ainda intriga"},"content":{"rendered":"<p>\n         Publicado a<br \/>\n            03\/11\/2025 &#8211; 15:54 GMT+1\n            <\/p>\n<p>Quando os astr\u00f3nomos detetaram pela primeira vez <a href=\"https:\/\/www.euronews.com\/next\/2025\/10\/29\/everything-we-know-about-3iatlas-the-mysterious-object-speeding-through-our-solar-system\" rel=\"nofollow noopener\" target=\"_blank\"><strong>3I\/ATLAS<\/strong> <\/a>em 1 de julho de 2025 com o telesc\u00f3pio de rastreio ATLAS, no Chile, ficou logo claro que n\u00e3o era uma rocha espacial vulgar. <\/p>\n<p>Apenas o terceiro objeto interestelar confirmado de que h\u00e1 registo, depois de \u02bbOumuamua (2017) e 2I\/Borisov (2019), o 3I\/ATLAS chamou a aten\u00e7\u00e3o pelo n\u00facleo gelado envolto numa coma, o halo luminoso de g\u00e1s e poeiras. <\/p>\n<p>A velocidade e a trajet\u00f3ria mostram que n\u00e3o est\u00e1 gravitacionalmente ligado ao Sol, o que significa que ter\u00e1 tido origem noutro sistema estelar e entrou no nosso por acaso.<\/p>\n<p>Embora a NASA tenha identificado oficialmente o 3I\/ATLAS como cometa, e n\u00e3o como asteroide, na semana passada, alguns cientistas, com destaque para o professor Avi Loeb, astrof\u00edsico te\u00f3rico da Universidade de Harvard, sugerem que as suas caracter\u00edsticas invulgares podem indiciar sinais de tecnologia extraterrestre.<\/p>\n<p>E, ao aproximar-se do ponto mais pr\u00f3ximo do Sol no fim de outubro (peri\u00e9lio), o 3I\/ATLAS come\u00e7ou a comportar-se de formas que voltaram a intrigar os astr\u00f3nomos. <\/p>\n<p><strong>Observa\u00e7\u00f5es ins\u00f3litas<\/strong><\/p>\n<p>O mais marcante: o cometa registou uma acelera\u00e7\u00e3o n\u00e3o gravitacional perto do peri\u00e9lio, movendo-se mais depressa do que a gravidade, por si s\u00f3, permitiria. <\/p>\n<p>Observa\u00e7\u00f5es do Atacama Large Millimeter Array (ALMA) mostraram que o cometa estava 4 segundos de arco fora da trajet\u00f3ria prevista, segundo uma recente <a href=\"https:\/\/avi-loeb.medium.com\/gravitational-lensing-of-3i-atlas-by-the-sun-f4ca18720d65\" target=\"_blank\" rel=\"noreferrer nofollow noopener\"><strong>publica\u00e7\u00e3o no blogue<\/strong> <\/a>de Loeb no Medium. <\/p>\n<p>Cometas comuns sofrem pequenas perturba\u00e7\u00f5es devido aos gases libertados das suas superf\u00edcies geladas, mas o movimento do 3I\/ATLAS foi invulgarmente forte. <\/p>\n<p>Entretanto, a cor alterou-se de forma acentuada \u2014 de uma tonalidade avermelhada para um azul intenso \u2014, algo at\u00edpico nos cometas, que tendem a ficar mais vermelhos \u00e0 medida que a luz solar se dispersa nas poeiras que os envolvem. <\/p>\n<p>Os astr\u00f3nomos tamb\u00e9m registaram um aumento s\u00fabito de brilho nos dias anteriores ao peri\u00e9lio, sugerindo a eje\u00e7\u00e3o de grandes quantidades de material, possivelmente \u00e0 medida que o gelo superficial sublimava sob o intenso calor solar.<\/p>\n<p><strong>Especula\u00e7\u00e3o e rea\u00e7\u00f5es: de Elon Musk a Kim Kardashian<\/strong><\/p>\n<p>O comportamento invulgar voltou a alimentar a especula\u00e7\u00e3o sobre se o 3I\/ATLAS poder\u00e1 ser mais do que um cometa natural. <\/p>\n<p>Loeb sugeriu numa recente<a href=\"https:\/\/avi-loeb.medium.com\/afterthoughts-on-the-non-gravitational-acceleration-of-3i-atlas-at-perihelion-97c609e24fc6\" target=\"_blank\" rel=\"noreferrer nofollow noopener\"> <strong>publica\u00e7\u00e3o no blogue<\/strong> <\/a>que &#8220;a acelera\u00e7\u00e3o n\u00e3o gravitacional poder\u00e1 ser a assinatura tecnol\u00f3gica de um motor interno.&#8221; <\/p>\n<p>Acrescentou que, se em dezembro n\u00e3o for observada uma grande nuvem de g\u00e1s em torno do cometa, &#8220;ent\u00e3o a acelera\u00e7\u00e3o n\u00e3o gravitacional registada perto do peri\u00e9lio poder\u00e1 ser encarada como uma assinatura tecnol\u00f3gica de um sistema de propuls\u00e3o.&#8221; <\/p>\n<p>Figuras p\u00fablicas e a cultura popular tamb\u00e9m entraram no debate. Kim Kardashian escreveu \u00e0 NASA no X a pedir esclarecimentos sobre o 3I\/ATLAS, levando a uma resposta tranquilizadora do administrador interino Sean Duffy:<\/p>\n<p>&#8220;Esperem&#8230; qual \u00e9 a hist\u00f3ria do 3I\/ATLAS?!?!!!!!!!?????&#8221; perguntou Kardashian. <\/p>\n<p>Duffy respondeu: &#8220;Excelente pergunta! As observa\u00e7\u00f5es da NASA mostram que este \u00e9 o terceiro cometa interestelar a atravessar o Sistema Solar. N\u00e3o h\u00e1 extraterrestres. N\u00e3o h\u00e1 amea\u00e7a \u00e0 vida aqui na Terra.&#8221;<\/p>\n<p>Entretanto, o CEO da SpaceX e da Tesla,<a href=\"https:\/\/www.euronews.com\/next\/2025\/10\/28\/elon-musk-launches-ai-powered-encyclopedia-to-rival-wikipedia-will-grokipedia-take-off\" rel=\"nofollow noopener\" target=\"_blank\"> <strong>Elon Musk<\/strong><\/a> falou do cometa no The Joe Rogan Experience, especulando que a sua grande dimens\u00e3o e composi\u00e7\u00e3o invulgar poderiam ser catastr\u00f3ficas se alguma vez entrasse em rota de colis\u00e3o com a Terra. <\/p>\n<p>Musk assinalou que, embora o 3I\/ATLAS n\u00e3o constitua amea\u00e7a agora, o potencial para causar danos \u00e0 escala continental n\u00e3o pode ser ignorado.<\/p>\n","protected":false},"excerpt":{"rendered":"Publicado a 03\/11\/2025 &#8211; 15:54 GMT+1 Quando os astr\u00f3nomos detetaram pela primeira vez 3I\/ATLAS em 1 de julho&hellip;\n","protected":false},"author":2,"featured_media":138041,"comment_status":"","ping_status":"","sticky":false,"template":"","format":"standard","meta":{"footnotes":""},"categories":[84],"tags":[443,109,107,108,584,24502,32,33,105,103,104,106,110],"class_list":{"0":"post-138040","1":"post","2":"type-post","3":"status-publish","4":"format-standard","5":"has-post-thumbnail","7":"category-ciencia-e-tecnologia","8":"tag-astronomia","9":"tag-ciencia","10":"tag-ciencia-e-tecnologia","11":"tag-cienciaetecnologia","12":"tag-elon-musk","13":"tag-investigacao-espacial","14":"tag-portugal","15":"tag-pt","16":"tag-science","17":"tag-science-and-technology","18":"tag-scienceandtechnology","19":"tag-technology","20":"tag-tecnologia"},"share_on_mastodon":{"url":"https:\/\/pubeurope.com\/@pt\/115486642805808954","error":""},"_links":{"self":[{"href":"https:\/\/www.europesays.com\/pt\/wp-json\/wp\/v2\/posts\/138040","targetHints":{"allow":["GET"]}}],"collection":[{"href":"https:\/\/www.europesays.com\/pt\/wp-json\/wp\/v2\/posts"}],"about":[{"href":"https:\/\/www.europesays.com\/pt\/wp-json\/wp\/v2\/types\/post"}],"author":[{"embeddable":true,"href":"https:\/\/www.europesays.com\/pt\/wp-json\/wp\/v2\/users\/2"}],"replies":[{"embeddable":true,"href":"https:\/\/www.europesays.com\/pt\/wp-json\/wp\/v2\/comments?post=138040"}],"version-history":[{"count":0,"href":"https:\/\/www.europesays.com\/pt\/wp-json\/wp\/v2\/posts\/138040\/revisions"}],"wp:featuredmedia":[{"embeddable":true,"href":"https:\/\/www.europesays.com\/pt\/wp-json\/wp\/v2\/media\/138041"}],"wp:attachment":[{"href":"https:\/\/www.europesays.com\/pt\/wp-json\/wp\/v2\/media?parent=138040"}],"wp:term":[{"taxonomy":"category","embeddable":true,"href":"https:\/\/www.europesays.com\/pt\/wp-json\/wp\/v2\/categories?post=138040"},{"taxonomy":"post_tag","embeddable":true,"href":"https:\/\/www.europesays.com\/pt\/wp-json\/wp\/v2\/tags?post=138040"}],"curies":[{"name":"wp","href":"https:\/\/api.w.org\/{rel}","templated":true}]}}